{"id":2565,"date":"2022-04-21T19:32:27","date_gmt":"2022-04-21T19:32:27","guid":{"rendered":"https:\/\/parafiadlugakoscielna.pl\/?p=2565"},"modified":"2022-04-21T20:22:00","modified_gmt":"2022-04-21T20:22:00","slug":"galerie-zdjec-z-triduum-paschalnego-2022","status":"publish","type":"post","link":"https:\/\/parafiadlugakoscielna.pl\/?p=2565","title":{"rendered":"Galerie zdj\u0119\u0107 z Triduum Paschalnego 2022"},"content":{"rendered":"\n<p>Na stronach Parafii zosta\u0142y umieszczone zdj\u0119cia z Triduum Paschalnego.<br>Autorem wszystkich zdj\u0119\u0107 jest Patrycja Smoderek.<br>Zapraszamy do obejrzenia.<\/p>\n\n\n\n<figure class=\"wp-block-embed is-type-wp-embed is-provider-swieta-anna wp-block-embed-swieta-anna\"><div class=\"wp-block-embed__wrapper\">\n<blockquote class=\"wp-embedded-content\" data-secret=\"9de2OAeAeE\"><a href=\"https:\/\/parafiadlugakoscielna.pl\/?page_id=2344\">Triduum Paschalne 2022 &#8211; album<\/a><\/blockquote><iframe class=\"wp-embedded-content\" sandbox=\"allow-scripts\" security=\"restricted\" style=\"position: absolute; clip: rect(1px, 1px, 1px, 1px);\" title=\"&#8222;Triduum Paschalne 2022 &#8211; album&#8221; &#8212; \u015awi\u0119ta Anna\" src=\"https:\/\/parafiadlugakoscielna.pl\/?page_id=2344&#038;embed=true#?secret=I1RNaKzXkt#?secret=9de2OAeAeE\" data-secret=\"9de2OAeAeE\" width=\"600\" height=\"338\" frameborder=\"0\" marginwidth=\"0\" marginheight=\"0\" scrolling=\"no\"><\/iframe>\n<\/div><\/figure>\n","protected":false},"excerpt":{"rendered":"<p>Na stronach Parafii zosta\u0142y umieszczone zdj\u0119cia z Triduum Paschalnego.Autorem wszystkich zdj\u0119\u0107 jest Patrycja Smoderek.Zapraszamy do obejrzenia.<\/p>\n","protected":false},"author":1,"featured_media":0,"comment_status":"closed","ping_status":"closed","sticky":false,"template":"","format":"standard","meta":{"ngg_post_thumbnail":0,"footnotes":""},"categories":[19],"tags":[],"class_list":["post-2565","post","type-post","status-publish","format-standard","hentry","category-19"],"_links":{"self":[{"href":"https:\/\/parafiadlugakoscielna.pl\/index.php?rest_route=\/wp\/v2\/posts\/2565","targetHints":{"allow":["GET"]}}],"collection":[{"href":"https:\/\/parafiadlugakoscielna.pl\/index.php?rest_route=\/wp\/v2\/posts"}],"about":[{"href":"https:\/\/parafiadlugakoscielna.pl\/index.php?rest_route=\/wp\/v2\/types\/post"}],"author":[{"embeddable":true,"href":"https:\/\/parafiadlugakoscielna.pl\/index.php?rest_route=\/wp\/v2\/users\/1"}],"replies":[{"embeddable":true,"href":"https:\/\/parafiadlugakoscielna.pl\/index.php?rest_route=%2Fwp%2Fv2%2Fcomments&post=2565"}],"version-history":[{"count":1,"href":"https:\/\/parafiadlugakoscielna.pl\/index.php?rest_route=\/wp\/v2\/posts\/2565\/revisions"}],"predecessor-version":[{"id":2566,"href":"https:\/\/parafiadlugakoscielna.pl\/index.php?rest_route=\/wp\/v2\/posts\/2565\/revisions\/2566"}],"wp:attachment":[{"href":"https:\/\/parafiadlugakoscielna.pl\/index.php?rest_route=%2Fwp%2Fv2%2Fmedia&parent=2565"}],"wp:term":[{"taxonomy":"category","embeddable":true,"href":"https:\/\/parafiadlugakoscielna.pl\/index.php?rest_route=%2Fwp%2Fv2%2Fcategories&post=2565"},{"taxonomy":"post_tag","embeddable":true,"href":"https:\/\/parafiadlugakoscielna.pl\/index.php?rest_route=%2Fwp%2Fv2%2Ftags&post=2565"}],"curies":[{"name":"wp","href":"https:\/\/api.w.org\/{rel}","templated":true}]}}