{"id":3226,"date":"2022-12-30T19:46:36","date_gmt":"2022-12-30T19:46:36","guid":{"rendered":"https:\/\/parafiadlugakoscielna.pl\/?p=3226"},"modified":"2022-12-30T19:46:36","modified_gmt":"2022-12-30T19:46:36","slug":"galeria-zdjec-z-nabozenstwa-w-swieto-swietej-rodziny","status":"publish","type":"post","link":"https:\/\/parafiadlugakoscielna.pl\/?p=3226","title":{"rendered":"Galeria zdj\u0119\u0107 z nabo\u017ce\u0144stwa w \u015bwi\u0119to \u015awi\u0119tej Rodziny"},"content":{"rendered":"\n<p>Kliknij na obrazek poni\u017cej, aby zobaczy\u0107 galeri\u0119<\/p>\n\n\n\n<figure class=\"wp-block-image size-large\"><a href=\"https:\/\/parafiadlugakoscielna.pl\/?p=3126\"><img fetchpriority=\"high\" decoding=\"async\" width=\"714\" height=\"1024\" src=\"https:\/\/parafiadlugakoscielna.pl\/wp-content\/uploads\/2022\/12\/2022_Blogoslawienstwo_domu-714x1024.jpg\" alt=\"\" class=\"wp-image-3215\"\/><\/a><\/figure>\n","protected":false},"excerpt":{"rendered":"<p>Kliknij na obrazek poni\u017cej, aby zobaczy\u0107 galeri\u0119<\/p>\n","protected":false},"author":1,"featured_media":0,"comment_status":"closed","ping_status":"","sticky":false,"template":"","format":"standard","meta":{"ngg_post_thumbnail":0,"footnotes":""},"categories":[19],"tags":[],"class_list":["post-3226","post","type-post","status-publish","format-standard","hentry","category-19"],"_links":{"self":[{"href":"https:\/\/parafiadlugakoscielna.pl\/index.php?rest_route=\/wp\/v2\/posts\/3226","targetHints":{"allow":["GET"]}}],"collection":[{"href":"https:\/\/parafiadlugakoscielna.pl\/index.php?rest_route=\/wp\/v2\/posts"}],"about":[{"href":"https:\/\/parafiadlugakoscielna.pl\/index.php?rest_route=\/wp\/v2\/types\/post"}],"author":[{"embeddable":true,"href":"https:\/\/parafiadlugakoscielna.pl\/index.php?rest_route=\/wp\/v2\/users\/1"}],"replies":[{"embeddable":true,"href":"https:\/\/parafiadlugakoscielna.pl\/index.php?rest_route=%2Fwp%2Fv2%2Fcomments&post=3226"}],"version-history":[{"count":1,"href":"https:\/\/parafiadlugakoscielna.pl\/index.php?rest_route=\/wp\/v2\/posts\/3226\/revisions"}],"predecessor-version":[{"id":3227,"href":"https:\/\/parafiadlugakoscielna.pl\/index.php?rest_route=\/wp\/v2\/posts\/3226\/revisions\/3227"}],"wp:attachment":[{"href":"https:\/\/parafiadlugakoscielna.pl\/index.php?rest_route=%2Fwp%2Fv2%2Fmedia&parent=3226"}],"wp:term":[{"taxonomy":"category","embeddable":true,"href":"https:\/\/parafiadlugakoscielna.pl\/index.php?rest_route=%2Fwp%2Fv2%2Fcategories&post=3226"},{"taxonomy":"post_tag","embeddable":true,"href":"https:\/\/parafiadlugakoscielna.pl\/index.php?rest_route=%2Fwp%2Fv2%2Ftags&post=3226"}],"curies":[{"name":"wp","href":"https:\/\/api.w.org\/{rel}","templated":true}]}}