{"id":4158,"date":"2023-12-03T13:07:54","date_gmt":"2023-12-03T13:07:54","guid":{"rendered":"https:\/\/parafiadlugakoscielna.pl\/?p=4158"},"modified":"2023-12-14T09:58:16","modified_gmt":"2023-12-14T09:58:16","slug":"1-skad-wzial-sie-kosciol","status":"publish","type":"post","link":"https:\/\/parafiadlugakoscielna.pl\/?p=4158","title":{"rendered":"1. Sk\u0105d wzi\u0105\u0142 si\u0119 Ko\u015bci\u00f3\u0142?"},"content":{"rendered":"\n<figure class=\"wp-block-image size-full is-resized\"><img fetchpriority=\"high\" decoding=\"async\" width=\"1024\" height=\"683\" src=\"https:\/\/parafiadlugakoscielna.pl\/wp-content\/uploads\/2023\/12\/Uczestnicze_we_wspolnocie_Kosciola_logo.png\" alt=\"\" class=\"wp-image-4159\" style=\"width:600px\" srcset=\"https:\/\/parafiadlugakoscielna.pl\/wp-content\/uploads\/2023\/12\/Uczestnicze_we_wspolnocie_Kosciola_logo.png 1024w, https:\/\/parafiadlugakoscielna.pl\/wp-content\/uploads\/2023\/12\/Uczestnicze_we_wspolnocie_Kosciola_logo-300x200.png 300w, https:\/\/parafiadlugakoscielna.pl\/wp-content\/uploads\/2023\/12\/Uczestnicze_we_wspolnocie_Kosciola_logo-768x512.png 768w\" sizes=\"(max-width: 1024px) 100vw, 1024px\" \/><\/figure>\n\n\n\n<p><strong>3 grudnia 2023 roku<\/strong> w Ko\u015bciele w Polsce rozpoczyna si\u0119 nowy rok duszpasterski pod has\u0142em <strong>\u201eUczestnicz\u0119 we wsp\u00f3lnocie Ko\u015bcio\u0142a\u201d<\/strong>.<\/p>\n\n\n\n<p>W tym roku chcemy bli\u017cej przyjrze\u0107 si\u0119 r\u00f3\u017cnym powo\u0142aniom w Ko\u015bciele, do\u015bwiadczy\u0107 tego, \u017ce wszyscy jeste\u015bmy sobie wzajemnie potrzebni, \u017ce dzi\u0119ki naszej r\u00f3\u017cnorodno\u015bci mo\u017cemy si\u0119 uzupe\u0142nia\u0107 i wzajemnie sobie s\u0142u\u017cy\u0107 tym, co ka\u017cdy z nas otrzyma\u0142. Ufamy, \u017ce dzi\u0119ki proponowanym materia\u0142om ka\u017cdy z nas na nowo odkryje swoje powo\u0142anie i charyzmaty, wyra\u017aniej zobaczy jakie zadania i funkcje w Ko\u015bciele wyznaczy\u0142 Pan B\u00f3g ka\u017cdemu z nas. Odkryjemy swoj\u0105 niepowtarzalno\u015b\u0107, a jednocze\u015bnie niezb\u0119dno\u015b\u0107 w Bo\u017cym planie zbawienia.<\/p>\n\n\n\n<p>\u201eMateria\u0142y dla rodzin\u201d Programu Duszpasterskiego s\u0105 form\u0105 katechezy, przeznaczonej do indywidualnej\/rodzinnej formacji \u015bwieckich. Rozwa\u017cania przygotowane s\u0105 na ka\u017cd\u0105 niedziel\u0119 roku, za\u015b miesi\u0105ce wyznaczaj\u0105 kolejne tematy rozwa\u017ca\u0144.<\/p>\n\n\n\n<p>Ka\u017cda katecheza mie\u015bci si\u0119 na jednej stronie i sk\u0142ada si\u0119 z trzech cz\u0119\u015bci: 1) nauczania Ko\u015bcio\u0142a \u2013 w tym roku fragmenty w du\u017cej mierze pochodz\u0105 z dokument\u00f3w Soboru Watyka\u0144skiego II; 2) katechezy na dany temat; 3) zda\u0144 proponowanych dla rodzin, kt\u00f3re maj\u0105 poszerzy\u0107 prezentowany temat lub s\u0105 propozycj\u0105 praktycznego zastosowania przedstawionych tre\u015bci.<\/p>\n\n\n\n<p>Zapraszamy do aktywnej realizacji Programu Duszpasterskiego: \u201eUczestnicz\u0119 we wsp\u00f3lnocie Ko\u015bcio\u0142a\u201d.<\/p>\n\n\n\n<p><\/p>\n\n\n\n<p><strong>Sk\u0105d wzi\u0105\u0142 si\u0119 Ko\u015bci\u00f3\u0142?<\/strong><br><\/p>\n\n\n\n<p class=\"has-text-align-right\">\u201eSyn Bo\u017cy (\u2026) przez swoj\u0105 \u015bmier\u0107 i zmartwychwstanie odkupi\u0142 cz\u0142owieka<br>i przemieni\u0142 go w nowe stworzenie (\u2026). Udzielaj\u0105c bowiem swego Ducha,<br>ukszta\u0142towa\u0142 swoich braci wezwanych spo\u015br\u00f3d wszystkich narod\u00f3w jako swoje<br>Mistyczne Cia\u0142o\u201d.<br>Sob\u00f3r Watyka\u0144ski II, Konstytucja dogmatyczna o Ko\u015bciele, nr 7.<br><\/p>\n\n\n\n<p>Wyobra\u017amy sobie \u2013 po ludzku niewyobra\u017caln\u0105 \u2013 sytuacj\u0119: zaci\u0105gn\u0119li\u015bmy dosy\u0107<br>wysoki kredyt w banku, z trudem przychodzi nam sp\u0142acanie go, odsetki ci\u0105gle rosn\u0105,<br>a nas ogarnia przera\u017cenie i poczucie beznadziei. W tym momencie dowiadujemy si\u0119,<br>\u017ce syn w\u0142a\u015bciciela banku sp\u0142aci\u0142 d\u0142ugi wszystkich kredytobiorc\u00f3w. Jedynie, co trzeba<br>zrobi\u0107, to przyj\u015b\u0107 do banku i odda\u0107 swoj\u0105 umow\u0119 kredytow\u0105. Co wi\u0119cej, ka\u017cdemu, kto<br>spe\u0142ni wspomniany warunek, w\u0142a\u015bciciel banku ofiaruje nowe \u017cycie, w lepszym<br>standardzie, w swoich posiad\u0142o\u015bciach. Kt\u00f3\u017c z nas, dowiedziawszy si\u0119 o takiej szansie,<br>nie skorzysta\u0142by z nadarzaj\u0105cej si\u0119 mo\u017cliwo\u015bci? Kto z nas nie powiadomi\u0142by o tej<br>mo\u017cliwo\u015bci wszystkich znajomych?<br><\/p>\n\n\n\n<p>Jest to oczywi\u015bcie jedynie niedoskona\u0142y obraz tego, co zrobi\u0142 dla nas Jezus Chrystus \u2013<br>umieraj\u0105c na krzy\u017cu, sp\u0142aci\u0142 \u201ed\u0142ugi\u201d, kt\u00f3re zaci\u0105gali\u015bmy, gdy w naszym \u017cyciu<br>brakowa\u0142o mi\u0142o\u015bci do Niego, do drugiego cz\u0142owieka, do samego siebie. Przez swoje<br>Zmartwychwstanie ofiaruje nam nowe \u017cycie \u2013 ju\u017c tu na ziemi. W wolno\u015bci, pokoju,<br>daj\u0105c swoj\u0105 \u0142ask\u0119 i si\u0142\u0119 do przezwyci\u0119\u017cania codziennych trudno\u015bci. Daje nam Ko\u015bci\u00f3\u0142,<br>w kt\u00f3rym dzi\u0119ki sakramentom jest nieustannie w\u015br\u00f3d nas, umacniaj\u0105c nas w drodze.<br>Pomaga ci\u0105gle zaczyna\u0107 od nowa, pomimo naszych s\u0142abo\u015bci i upadk\u00f3w. Tworzy z nas<br>wsp\u00f3lnot\u0119 os\u00f3b, aby\u015bmy si\u0119 wzajemnie wspierali.<br><\/p>\n\n\n\n<p>Jaka jest nasza rola? Przyj\u015b\u0107 z ufno\u015bci\u0105 do Boga i odda\u0107 Mu swoje \u201ed\u0142ugi\u201d<br>(w sakramencie pokuty), zanurzy\u0107 si\u0119 w Jego ofierze (w sakramencie Eucharystii),<br>a nast\u0119pnie z wdzi\u0119czno\u015bci\u0105 odpowiada\u0107 mi\u0142o\u015bci\u0105 na mi\u0142o\u015b\u0107. Wdzi\u0119czno\u015b\u0107 za dary,<br>kt\u00f3re otrzymujemy od Boga ka\u017cdego dnia powinna nie tyle prowokowa\u0107 nas do pychy<br>czy egoizmu, ile mobilizowa\u0107 do coraz wi\u0119kszej mi\u0142o\u015bci Boga i drugiego cz\u0142owieka.<br><\/p>\n\n\n\n<p>Naszym zadaniem jest r\u00f3wnie\u017c za\u015bwiadczy\u0107 o mi\u0142o\u015bci Boga do cz\u0142owieka<br>w \u015brodowiskach, w kt\u00f3rych \u017cyjemy, pracujemy, jeste\u015bmy. Dlatego Pan B\u00f3g zaprasza<br>do tej wsp\u00f3lnoty Ko\u015bcio\u0142a r\u00f3\u017cne osoby, daj\u0105c im r\u00f3\u017cnorodne powo\u0142ania i charyzmaty,<br>aby wiadomo\u015b\u0107 o Jego mi\u0142o\u015bci, o darowaniu nam win i zaproszeniu do nowego \u017cycia<br>dociera\u0142a do wszystkich miejsc. I aby\u015bmy w drodze potrafili si\u0119 wzajemnie wspiera\u0107<br>darami, kt\u00f3re od Niego otrzymali\u015bmy.<br><\/p>\n\n\n\n<p><strong>ZADANIE<\/strong><br>&#8211; Podzi\u0119kuj Bogu za dar odkupienia i za zaproszenie do nowego \u017cycia. Skorzystaj na<br>pocz\u0105tku Adwentu z sakramentu pokuty.<\/p>\n","protected":false},"excerpt":{"rendered":"<p>3 grudnia 2023 roku w Ko\u015bciele w Polsce rozpoczyna si\u0119 nowy rok duszpasterski pod has\u0142em \u201eUczestnicz\u0119 we wsp\u00f3lnocie Ko\u015bcio\u0142a\u201d. W tym roku chcemy bli\u017cej przyjrze\u0107<a href=\"https:\/\/parafiadlugakoscielna.pl\/?p=4158\" class=\"more-link\">View More<\/a><\/p>\n","protected":false},"author":1,"featured_media":0,"comment_status":"closed","ping_status":"","sticky":false,"template":"","format":"standard","meta":{"ngg_post_thumbnail":0,"footnotes":""},"categories":[25,28],"tags":[],"class_list":["post-4158","post","type-post","status-publish","format-standard","hentry","category-25","category-uczestnicze-we-wspolnocie-kosciola"],"_links":{"self":[{"href":"https:\/\/parafiadlugakoscielna.pl\/index.php?rest_route=\/wp\/v2\/posts\/4158","targetHints":{"allow":["GET"]}}],"collection":[{"href":"https:\/\/parafiadlugakoscielna.pl\/index.php?rest_route=\/wp\/v2\/posts"}],"about":[{"href":"https:\/\/parafiadlugakoscielna.pl\/index.php?rest_route=\/wp\/v2\/types\/post"}],"author":[{"embeddable":true,"href":"https:\/\/parafiadlugakoscielna.pl\/index.php?rest_route=\/wp\/v2\/users\/1"}],"replies":[{"embeddable":true,"href":"https:\/\/parafiadlugakoscielna.pl\/index.php?rest_route=%2Fwp%2Fv2%2Fcomments&post=4158"}],"version-history":[{"count":4,"href":"https:\/\/parafiadlugakoscielna.pl\/index.php?rest_route=\/wp\/v2\/posts\/4158\/revisions"}],"predecessor-version":[{"id":4188,"href":"https:\/\/parafiadlugakoscielna.pl\/index.php?rest_route=\/wp\/v2\/posts\/4158\/revisions\/4188"}],"wp:attachment":[{"href":"https:\/\/parafiadlugakoscielna.pl\/index.php?rest_route=%2Fwp%2Fv2%2Fmedia&parent=4158"}],"wp:term":[{"taxonomy":"category","embeddable":true,"href":"https:\/\/parafiadlugakoscielna.pl\/index.php?rest_route=%2Fwp%2Fv2%2Fcategories&post=4158"},{"taxonomy":"post_tag","embeddable":true,"href":"https:\/\/parafiadlugakoscielna.pl\/index.php?rest_route=%2Fwp%2Fv2%2Ftags&post=4158"}],"curies":[{"name":"wp","href":"https:\/\/api.w.org\/{rel}","templated":true}]}}