{"id":4185,"date":"2023-12-10T09:49:00","date_gmt":"2023-12-10T09:49:00","guid":{"rendered":"https:\/\/parafiadlugakoscielna.pl\/?p=4185"},"modified":"2023-12-18T12:06:56","modified_gmt":"2023-12-18T12:06:56","slug":"2-trojca-swieta-zrodlem-i-wzorem-dla-kosciola","status":"publish","type":"post","link":"https:\/\/parafiadlugakoscielna.pl\/?p=4185","title":{"rendered":"2. Tr\u00f3jca \u015awi\u0119ta \u017ar\u00f3d\u0142em i wzorem dla Ko\u015bcio\u0142a."},"content":{"rendered":"\n<figure class=\"wp-block-image size-full is-resized\"><img fetchpriority=\"high\" decoding=\"async\" width=\"1024\" height=\"683\" src=\"https:\/\/parafiadlugakoscielna.pl\/wp-content\/uploads\/2023\/12\/Uczestnicze_we_wspolnocie_Kosciola_logo.png\" alt=\"\" class=\"wp-image-4159\" style=\"width:600px\" srcset=\"https:\/\/parafiadlugakoscielna.pl\/wp-content\/uploads\/2023\/12\/Uczestnicze_we_wspolnocie_Kosciola_logo.png 1024w, https:\/\/parafiadlugakoscielna.pl\/wp-content\/uploads\/2023\/12\/Uczestnicze_we_wspolnocie_Kosciola_logo-300x200.png 300w, https:\/\/parafiadlugakoscielna.pl\/wp-content\/uploads\/2023\/12\/Uczestnicze_we_wspolnocie_Kosciola_logo-768x512.png 768w\" sizes=\"(max-width: 1024px) 100vw, 1024px\" \/><\/figure>\n\n\n\n<p><\/p>\n\n\n\n<p class=\"has-text-align-right\">Tr\u00f3jca \u015awi\u0119ta \u017ar\u00f3d\u0142em i wzorem dla Ko\u015bcio\u0142a<br>\u201eW ten spos\u00f3b ca\u0142y Ko\u015bci\u00f3\u0142 ukazuje si\u0119 jako lud zjednoczony jedno\u015bci\u0105 Ojca<br>i Syna i Ducha \u015awi\u0119tego\u201d.<br>Sob\u00f3r Watyka\u0144ski II, Konstytucja dogmatyczna o Ko\u015bciele, nr 4.<br><\/p>\n\n\n\n<p>Pewnie wielu z nas widzia\u0142o ju\u017c reprodukcj\u0119 ikony Tr\u00f3jca \u015awi\u0119ta, napisanej przez<br>Andrieja Rublowa. Przedstawia ona trzy postacie siedz\u0105ce w okr\u0119gu, wok\u00f3\u0142 kielicha<br>stoj\u0105cego na stole. Osoby te przypominaj\u0105 anio\u0142\u00f3w, kt\u00f3rych skrzyd\u0142a \u0142\u0105cz\u0105 si\u0119 ze sob\u0105.<br>Je\u015bli przyjrzymy si\u0119 ka\u017cdemu z nich, dostrzegamy, \u017ce ma ona swoje indywidualne<br>rysy i atrybuty. Za postaciami widzimy symbol drzewa (d\u0119bu) oraz fragment budowli.<br>Interpretacja tej ikony niesie z sob\u0105 g\u0142\u0119boki sens teologiczny, spr\u00f3bujmy odnie\u015b\u0107 si\u0119<br>tylko do wybranych jego element\u00f3w.<br><\/p>\n\n\n\n<p><strong>B\u00f3g wchodzi w histori\u0119 cz\u0142owieka.<\/strong> D\u0105b umieszczony na ikonie odnosi si\u0119 do<br>starotestamentalnego wydarzenia odwiedzin Trzech Anio\u0142\u00f3w u Abrahama pod<br>d\u0119bami Mamre (Rdz 18, 1-15). Zapoznaj\u0105c si\u0119 z histori\u0105 Abrahama, widzimy, \u017ce B\u00f3g<br>jest kochaj\u0105cym Ojcem, kt\u00f3ry pozostaje blisko cz\u0142owieka, dostrzega trudno\u015bci,<br>z jakimi si\u0119 zmagamy i przychodzi, \u017ceby temu zaradzi\u0107. Historia Patriarchy jest<br>\u015bwiadectwem tego, \u017ce B\u00f3g prowadzi nas czasami zaskakuj\u0105cymi drogami, ale zawsze<br>s\u0105 to drogi mi\u0142o\u015bci i naszego rozwoju.<br><\/p>\n\n\n\n<p><strong>B\u00f3g ofiaruje si\u0119 za nas.<\/strong> Kielich stoj\u0105cy na stole, po\u015brodku postaci przedstawionych na<br>ikonie, jest symbolem Eucharystii, podczas kt\u00f3rej uobecnia si\u0119 ofiara Chrystusa na<br>krzy\u017cu. Jezus umieraj\u0105c za nas i zmartwychwstaj\u0105c, daje nam nowe \u017cycie, \u017cycie<br>w mi\u0142o\u015bci.<br><\/p>\n\n\n\n<p><strong>B\u00f3g jest obecny w Ko\u015bciele.<\/strong> Budynek, kt\u00f3ry widzimy po lewej stronie ikony, to symbol<br>Ko\u015bcio\u0142a, w kt\u00f3rym nieustannie jest obecny i dzia\u0142a Duch \u015awi\u0119ty. B\u00f3g powo\u0142a\u0142 Ko\u015bci\u00f3\u0142,<br>bo chce towarzyszy\u0107 nam w drodze, umacnia\u0107 nas swoim S\u0142owem, \u0142ask\u0105<br>sakrament\u00f3w. Powo\u0142a\u0142 wsp\u00f3lnot\u0119 Ko\u015bcio\u0142a, bo \u201epodoba\u0142o si\u0119 (\u2026) Bogu u\u015bwi\u0119ca\u0107<br>i zbawia\u0107 ludzi nie pojedynczo, z wy\u0142\u0105czeniem wszelkich wzajemnych powi\u0105za\u0144, lecz<br>ustanowi\u0107 ich jako lud, kt\u00f3ry uzna\u0142by Go w prawdzie i Jemu \u015bwi\u0119cie s\u0142u\u017cy\u0142\u201d (Sob\u00f3r<br>Watyka\u0144ski II, Konstytucja dogmatyczna o Ko\u015bciele, nr 9).<br>Tr\u00f3jca \u015awi\u0119ta jest dla nas inspiracj\u0105 do tego, aby Boga coraz lepiej poznawa\u0107, coraz<br>mocniej kocha\u0107 i coraz doskonalej Mu s\u0142u\u017cy\u0107, aby w ten spos\u00f3b Ko\u015bci\u00f3\u0142 uobecnia\u0142 si\u0119<br>w \u015bwiecie.<br><\/p>\n\n\n\n<p><strong>ZADANIE<\/strong><br>&#8211; Znajd\u017acie w Internecie ikon\u0119 Andrieja Rublowa, Tr\u00f3jca \u015awi\u0119ta, a nast\u0119pnie<br>zapoznajcie si\u0119 z interpretacj\u0105 tej\u017ce ikony i jej symbolik\u0105. Dajcie sobie chwil\u0119 na<br>przyjrzenie si\u0119 tej ikonie, a nast\u0119pnie podzielcie si\u0119 skojarzeniami, emocjami,<br>jakie budzi w ka\u017cdym z Was.<br>&#8211; Przeczytajcie histori\u0119 spotkania Abrahama pod d\u0119bami Mamre (Rdz 18, 1-15).<\/p>\n","protected":false},"excerpt":{"rendered":"<p>Tr\u00f3jca \u015awi\u0119ta \u017ar\u00f3d\u0142em i wzorem dla Ko\u015bcio\u0142a\u201eW ten spos\u00f3b ca\u0142y Ko\u015bci\u00f3\u0142 ukazuje si\u0119 jako lud zjednoczony jedno\u015bci\u0105 Ojcai Syna i Ducha \u015awi\u0119tego\u201d.Sob\u00f3r Watyka\u0144ski II, Konstytucja<a href=\"https:\/\/parafiadlugakoscielna.pl\/?p=4185\" class=\"more-link\">View More<\/a><\/p>\n","protected":false},"author":1,"featured_media":0,"comment_status":"closed","ping_status":"","sticky":false,"template":"","format":"standard","meta":{"ngg_post_thumbnail":0,"footnotes":""},"categories":[25,28],"tags":[],"class_list":["post-4185","post","type-post","status-publish","format-standard","hentry","category-25","category-uczestnicze-we-wspolnocie-kosciola"],"_links":{"self":[{"href":"https:\/\/parafiadlugakoscielna.pl\/index.php?rest_route=\/wp\/v2\/posts\/4185","targetHints":{"allow":["GET"]}}],"collection":[{"href":"https:\/\/parafiadlugakoscielna.pl\/index.php?rest_route=\/wp\/v2\/posts"}],"about":[{"href":"https:\/\/parafiadlugakoscielna.pl\/index.php?rest_route=\/wp\/v2\/types\/post"}],"author":[{"embeddable":true,"href":"https:\/\/parafiadlugakoscielna.pl\/index.php?rest_route=\/wp\/v2\/users\/1"}],"replies":[{"embeddable":true,"href":"https:\/\/parafiadlugakoscielna.pl\/index.php?rest_route=%2Fwp%2Fv2%2Fcomments&post=4185"}],"version-history":[{"count":2,"href":"https:\/\/parafiadlugakoscielna.pl\/index.php?rest_route=\/wp\/v2\/posts\/4185\/revisions"}],"predecessor-version":[{"id":4198,"href":"https:\/\/parafiadlugakoscielna.pl\/index.php?rest_route=\/wp\/v2\/posts\/4185\/revisions\/4198"}],"wp:attachment":[{"href":"https:\/\/parafiadlugakoscielna.pl\/index.php?rest_route=%2Fwp%2Fv2%2Fmedia&parent=4185"}],"wp:term":[{"taxonomy":"category","embeddable":true,"href":"https:\/\/parafiadlugakoscielna.pl\/index.php?rest_route=%2Fwp%2Fv2%2Fcategories&post=4185"},{"taxonomy":"post_tag","embeddable":true,"href":"https:\/\/parafiadlugakoscielna.pl\/index.php?rest_route=%2Fwp%2Fv2%2Ftags&post=4185"}],"curies":[{"name":"wp","href":"https:\/\/api.w.org\/{rel}","templated":true}]}}