{"id":4223,"date":"2023-12-26T12:47:14","date_gmt":"2023-12-26T12:47:14","guid":{"rendered":"https:\/\/parafiadlugakoscielna.pl\/?p=4223"},"modified":"2023-12-26T12:47:14","modified_gmt":"2023-12-26T12:47:14","slug":"list-pasterski-na-swieto-swietego-szczepana-meczennika","status":"publish","type":"post","link":"https:\/\/parafiadlugakoscielna.pl\/?p=4223","title":{"rendered":"List pasterski na \u015bwi\u0119to \u015awi\u0119tego Szczepana M\u0119czennika"},"content":{"rendered":"<div class=\"wp-block-image\">\n<figure class=\"aligncenter size-full\"><img fetchpriority=\"high\" decoding=\"async\" width=\"238\" height=\"277\" src=\"https:\/\/parafiadlugakoscielna.pl\/wp-content\/uploads\/2020\/12\/plik.jpg\" alt=\"\" class=\"wp-image-247\"\/><\/figure>\n<\/div>\n\n\n<p class=\"has-text-align-center\"><strong>List pasterski na \u015bwi\u0119to \u015awi\u0119tego Szczepana M\u0119czennika i zach\u0119ta do budowy \u015bwi\u0105tyni-sanktuarium po\u015bwi\u0119conej B\u0142ogos\u0142awionemu Kardyna\u0142owi Stefanowi Wyszy\u0144skiemu, Prymasowi Polski, &nbsp;<\/strong><br><strong>Warszawa, dnia 26 grudnia 2023 r.<\/strong><\/p>\n\n\n\n<p class=\"has-text-align-center\"><strong>Wielebni Kap\u0142ani, Osoby \u017bycia Konsekrowanego,<\/strong><br><strong>drodzy Diecezjanie i Go\u015bcie,<\/strong><br><strong>umi\u0142owani Siostry i Bracia<\/strong>,<\/p>\n\n\n\n<p>w dniu wczorajszym z wielk\u0105 rado\u015bci\u0105 \u015bwi\u0119towali\u015bmy pami\u0105tk\u0119 przyj\u015bcia na \u015bwiat naszego Pana <br>i Zbawiciela, Jezusa Chrystusa. Dawny zwyczaj zach\u0119ca nas, aby\u015bmy \u015bwi\u0119towali pami\u0105tk\u0119 tego wielkiego wydarzenia przez ca\u0142\u0105 oktaw\u0119, czyli przez osiem dni, aby godnie uczci\u0107 przyj\u015bcie na \u015bwiat Zbawiciela, za kt\u00f3rego przyczyn\u0105 dokona\u0142a si\u0119 odmiana naszego \u017cycia.<\/p>\n\n\n\n<p>S\u0105 jednak w tym uroczystym okresie i takie dni, jak dzisiejsze \u015bwi\u0119to \u015awi\u0119tego Szczepana M\u0119czennika oraz \u015bwi\u0119to \u015awi\u0119tych M\u0142odziank\u00f3w M\u0119czennik\u00f3w. Ci ostatni z\u0142o\u017cyli Jezusowi ofiar\u0119 jeszcze nie\u015bwiadomie, za\u015b \u015awi\u0119ty Szczepan z\u0142o\u017cy\u0142 swoje \u017cycie jak ca\u0142opaln\u0105 ofiar\u0119, dzi\u0119kuj\u0105c w ten spos\u00f3b za dar wiary w Jezusa Chrystusa i \u0142ask\u0119 poznania swojej drogi do \u015bwi\u0119to\u015bci.<\/p>\n\n\n\n<p>Przypomnienie tych wydarze\u0144 \u2013 liturgicznie wplecionych w ten uroczysty okres oktawy \u2013 pozwala nam pe\u0142niej spojrze\u0107 na ca\u0142e dzie\u0142o tajemnicy odkupienia cz\u0142owieka.<\/p>\n\n\n\n<p>Znamienne jest, \u017ce zaraz po g\u0142\u00f3wnym dniu uroczysto\u015bci Narodzenia Pa\u0144skiego, liturgia przypomina nam jednego z wielkich \u015bwi\u0119tych Ko\u015bcio\u0142a Chrystusowego, a mianowicie \u015awi\u0119tego Szczepana, diakona. Nieznane s\u0105 szczeg\u00f3\u0142y jego wcze\u015bniejszego \u017cycia; wiemy, \u017ce zosta\u0142 wybrany na diakona Ko\u015bcio\u0142a. Nie ogranicza\u0142 si\u0119 tylko do dzia\u0142alno\u015bci charytatywnej, ale g\u0142osi\u0142 Ewangeli\u0119 na tyle skutecznie, \u017ce \u015bci\u0105gn\u0105\u0142 na siebie nienawi\u015b\u0107 tych, dla kt\u00f3rych by\u0142a ona (Ewangelia) niewygodna. Sta\u0142o si\u0119 to w 36 roku po odwo\u0142aniu rzymskiego namiestnika Poncjusza Pi\u0142ata, a nowy namiestnik jeszcze nie przyby\u0142, kiedy to przeciwnicy Chrystusa wykorzystali ten moment i dokonali samos\u0105du na Szczepanie. O samym wydarzeniu i atmosferze nienawi\u015bci, jaka towarzyszy\u0142a temu zaj\u015bciu opowiada nam fragment Dziej\u00f3w Apostolskich, kt\u00f3ry przed chwil\u0105 odczytali\u015bmy. Szczepan, mimo, ze poni\u00f3s\u0142 \u015bmier\u0107 okaza\u0142 si\u0119 zwyci\u0119ski. Nikt z prze\u015bladowc\u00f3w nie m\u00f3g\u0142 sprosta\u0107 jego m\u0105dro\u015bci i Duchowi.&nbsp; Jak podaj\u0105 Dzieje Apostolskie \u201eWybuch\u0142o wtedy wielkie prze\u015bladowanie w Ko\u015bciele Jerozolimskim\u201d (Dz 8, 1).<\/p>\n\n\n\n<p>Historia \u015bw. Szczepana to wielka lekcja dla ka\u017cdego z nas, wsp\u00f3\u0142czesnego chrze\u015bcijanina. Wiara w Jezusa to nie tylko czas \u015bwi\u0119towania, cieszenia si\u0119 pi\u0119kna tradycj\u0105, obdarowywaniem si\u0119 prezentami, ale to przede wszystkim opowiedzenie si\u0119 za Jezusem Chrystusem, kt\u00f3ry przyszed\u0142, by uratowa\u0107 nas od grzechu i nienawi\u015bci. Sam Jezus m\u00f3wi w dzisiejszej Ewangelii (por. Mt 10, 17-22), \u017ce fakt opowiedzenia si\u0119 za Nim, za Jego&nbsp; Ewangeli\u0105 sprawi, \u017ce nie u wszystkich znajdziemy zrozumienie, nie wszystkim spodobamy si\u0119 z nowym stylem \u017cycia \u2013 w sprawiedliwo\u015bci, mi\u0142o\u015bci, pokorze, s\u0142u\u017cebno\u015bci wobec innych \u2013 st\u0105d mo\u017cemy by\u0107 znienawidzeni. To wszystko jest obecne w \u015bwiecie a\u017c po dzie\u0144 dzisiejszy, ale kto wytrwa przy Chrystusie, temu b\u0119dzie przygotowane miejsce w Kr\u00f3lestwie Bo\u017cym.<\/p>\n\n\n\n<p>* * *<\/p>\n\n\n\n<p>W dzisiejsze \u015bwi\u0119to chcia\u0142bym wspomnie\u0107 innego wielkiego \u015bwiadka wiary, co prawda nie um\u0119czonego na podobie\u0144stwo \u015bw. Szczepana, ale id\u0105cego prawdziwie drog\u0105 krzy\u017cow\u0105 przez czas swojego pos\u0142ugiwania pasterskiego. T\u0105 osob\u0105, tym \u015bwiadkiem Chrystusowym jest B\u0142ogos\u0142awiony Ksi\u0105dz Kardyna\u0142 Stefan Wyszy\u0144ski, Prymas Polski. By\u0142 naszym pasterzem w okresie od 1949 do maja 1981 roku, a wi\u0119c ponad 31 lat, w r\u00f3\u017cnym zakresie bra\u0142 odpowiedzialno\u015b\u0107 za Ko\u015bci\u00f3\u0142 Chrystusowy, &nbsp;za kszta\u0142towanie naszego \u017cycia religijnego, ale tak\u017ce bardzo le\u017ca\u0142y mu na sercu sprawy Ojczyzny i ka\u017cdego cz\u0142owieka. &nbsp;&nbsp;&nbsp;&nbsp;&nbsp;<\/p>\n\n\n\n<p>Starsze pokolenia zapewne pami\u0119taj\u0105 atmosfer\u0119 tamtych trudnych dla Ojczyzny, Narodu i Ko\u015bcio\u0142a lat. Mieli\u015bmy &nbsp;w osobie B\u0142ogos\u0142awionego Kardyna\u0142a Stefana, Prymasa Polski wielkiego obro\u0144c\u0119 spraw Ojczyzny i Ko\u015bcio\u0142a, nauczyciela wiary, obro\u0144c\u0119 zasad moralnych, staj\u0105cego w obronie pocz\u0119tego \u017cycia, godno\u015bci ma\u0142\u017ce\u0144stwa i rodziny, w obronie ka\u017cdego skrzywdzonego cz\u0142owieka.<\/p>\n\n\n\n<p>W dniu beatyfikacji, kardyna\u0142 Marcello Semeraro, prefekt \u00f3wczesnej Kongregacji Spraw Kanonizacyjnych,&nbsp; kt\u00f3ry \u2013 w imieniu Ojca \u015awi\u0119tego Franciszka \u2013 przewodniczy\u0142 beatyfikacji, w swojej homilii ukaza\u0142 nam najbardziej istotne cechy tego wielkiego przewodnika w drodze do zbawienia. Oto kilka jego spostrze\u017ce\u0144 i refleksji:<\/p>\n\n\n\n<p>\u201ePodczas Powstania Warszawskiego \u2013 m\u00f3wi\u0142 kardyna\u0142, kiedy B\u0142ogos\u0142awiony Stefan przebywa\u0142 u Si\u00f3str Franciszkanek w Laskach mia\u0142o miejsce wydarzenie wyj\u0105tkowe i prorocze: pewnego dnia&nbsp; podni\u00f3s\u0142 z&nbsp;ziemi fragment cz\u0119\u015bciowo spopielonej kartki, pochodz\u0105cej z p\u0142on\u0105cej i&nbsp;spowitej w ogniu stolicy, na kt\u00f3rej widnia\u0142 napis:&nbsp;<em>\u201eB\u0119dziesz mi\u0142owa\u0142\u201d<\/em>. Wyszy\u0144ski zosta\u0142 g\u0142\u0119boko poruszony tym faktem, zani\u00f3s\u0142 kartk\u0119 do kaplicy, pokaza\u0142 siostrom i rzek\u0142:&nbsp;<em>\u201eTo naj\u015bwi\u0119tszy apel walcz\u0105cej Warszawy do nas i do ca\u0142ego \u015bwiata. Apel i testament:&nbsp;<strong>B\u0119dziesz mi\u0142owa\u0142<\/strong>\u201d.&nbsp;<\/em>Do tego apelu i testamentu upodobni\u0142 on swoj\u0105 pos\u0142ug\u0119 pasterza i biskupa, stawiaj\u0105c czo\u0142a problemom, jakie jego Nar\u00f3d musia\u0142 wycierpie\u0107 w latach nast\u0119puj\u0105cych po drugiej wojnie \u015bwiatowej. W tym okresie, politycznie oraz spo\u0142ecznie skomplikowanym, kierowa\u0142 odwa\u017cnie, wytrwale i zdecydowanie \u0142odzi\u0105 Ko\u015bcio\u0142a w Polsce, przeciwstawiaj\u0105c ideologii, kt\u00f3ra odcz\u0142owiecza\u0142a i oddala\u0142a cz\u0142owieka od pe\u0142ni \u017cycia, prawd\u0119 zawart\u0105 w Ewangelii Chrystusa, wiernie prze\u017cywan\u0105 i realizowan\u0105. W walce o obron\u0119 wolno\u015bci cz\u0119sto powtarza\u0142:&nbsp;<em>\u201eKto nienawidzi, ten ju\u017c przegra\u0142\u201d.<\/em>&nbsp;W niczym si\u0119 nie oszcz\u0119dza\u0142, znosi\u0142 wszelkie upokorzenia i cierpienia, kt\u00f3rych punktem kulminacyjnym by\u0142y trzy lata sp\u0119dzone w wi\u0119zieniu, od 1953 do 1956 roku. \u015awi\u0119ty Jan Pawe\u0142 II, kilka dni po wyborze na Stolic\u0119 Piotrow\u0105, w li\u015bcie skierowanym do swoich Rodak\u00f3w, tak napisa\u0142 o Kardynale Prymasie:&nbsp;<em>\u201eNie by\u0142oby na Stolicy Piotrowej tego Papie\u017ca-Polaka, [\u2026] gdyby nie by\u0142o Twojej wiary, niecofaj\u0105cej si\u0119 przed wi\u0119zieniem i cierpieniem, Twojej heroicznej nadziei, Twego zawierzenia bez reszty Matce Ko\u015bcio\u0142a\u201d<\/em>&nbsp;(\u015aw. Jan Pawe\u0142 II, List do Rodak\u00f3w, 23 pa\u017adziernika 1978). Kardyna\u0142 Wyszy\u0144ski, jako prawdziwy syn Polskiej Ziemi, mia\u0142 rzeczywi\u015bcie w sercu g\u0142\u0119bokie nabo\u017ce\u0144stwo do Matki Naj\u015bwi\u0119tszej: tak jak pod jej matczynym spojrzeniem narodzi\u0142o si\u0119 jego powo\u0142anie i pod tym samym spojrzeniem zawierzy\u0142 Panu Bogu w\u0142asne \u017cycie i losy Narodu Polskiego, tak w\u0142a\u015bnie Maryja uczy\u0142a go, aby poprzez codzienn\u0105 pastersk\u0105 s\u0142u\u017cb\u0119&nbsp;<em>\u201e\u017cy\u0107 tylko dla Pana Boga i tylko Jemu si\u0119 przypodoba\u0107\u201d.<\/em><\/p>\n\n\n\n<p><em>* * *<\/em><\/p>\n\n\n\n<p>Teraz pragniemy w spos\u00f3b bardziej trwa\u0142y zabezpieczy\u0107 to bogate dziedzictwo i podzi\u0119kowa\u0107 Bogu, a tak\u017ce \u015awi\u0119tej Bo\u017cej Rodzicielce za dar tej osoby dla naszej Wsp\u00f3lnoty diecezjalnej. Mo\u017cna rzec, \u017ce by\u0142 jednym spo\u015br\u00f3d nas. By\u0142 naszym ojcem i przewodnikiem, by\u0142 nauczycielem i obro\u0144c\u0105.<\/p>\n\n\n\n<p>Chcemy, aby ku jego czci stan\u0119\u0142a \u015bwi\u0105tynia, a z czasem powsta\u0142a parafia pod wezwaniem B\u0142ogos\u0142awionego Stefana Wyszy\u0144skiego, biskupa. Wybrano miejsce na terenie parafii Jab\u0142onna, gdzie formuje si\u0119 ju\u017c nowe osiedle. Jest ono w niedalekiej odleg\u0142o\u015bci od znanej nam Choszcz\u00f3wki, gdzie ma swoje miejsce Instytut Prymasa Wyszy\u0144skiego, w kt\u00f3rym&nbsp; B\u0142ogos\u0142awiony bardzo cz\u0119sto przebywa\u0142.<\/p>\n\n\n\n<p>Zadbano ju\u017c o przygotowanie projektu, placu i kilka miesi\u0119cy temu&nbsp; ruszy\u0142y pierwsze prace. Nie mo\u017cemy zapomnie\u0107 o wielkim dorobku pasterskim Prymasa Tysi\u0105clecia. Z tego wielkiego bogactwa powinny skorzysta\u0107 \u2013 i to w obfito\u015bci \u2013 nast\u0119pne pokolenia.<\/p>\n\n\n\n<p>W dniu dzisiejszym \u2013 w naszej diecezji \u2013 &nbsp;ofiary z\u0142o\u017cone przez Was Czcigodni Diecezjanie, &nbsp;chcemy przeznaczy\u0107 na budow\u0119 \u015bwi\u0105tyni ku czci B\u0142ogos\u0142awionego Stefana Wyszy\u0144skiego, biskupa.<\/p>\n\n\n\n<p>Modlitw\u0105 ogarniam ka\u017cdego z Was, kt\u00f3remu sprawa dziedzictwa B\u0142ogos\u0142awionego Stefana Prymasa jest bliska i dzi\u0119kuj\u0119 za wszelkie wsparcie.<\/p>\n\n\n\n<p>Z serca Wam b\u0142ogos\u0142awi\u0119.<\/p>\n\n\n\n<p><em>+ Romuald Kami\u0144ski<br>Biskup Warszawsko-Praski<\/em><\/p>\n","protected":false},"excerpt":{"rendered":"<p>List pasterski na \u015bwi\u0119to \u015awi\u0119tego Szczepana M\u0119czennika i zach\u0119ta do budowy \u015bwi\u0105tyni-sanktuarium po\u015bwi\u0119conej B\u0142ogos\u0142awionemu Kardyna\u0142owi Stefanowi Wyszy\u0144skiemu, Prymasowi Polski, &nbsp;Warszawa, dnia 26 grudnia 2023 r.<a href=\"https:\/\/parafiadlugakoscielna.pl\/?p=4223\" class=\"more-link\">View More<\/a><\/p>\n","protected":false},"author":1,"featured_media":0,"comment_status":"closed","ping_status":"","sticky":false,"template":"","format":"standard","meta":{"ngg_post_thumbnail":0,"footnotes":""},"categories":[25],"tags":[],"class_list":["post-4223","post","type-post","status-publish","format-standard","hentry","category-25"],"_links":{"self":[{"href":"https:\/\/parafiadlugakoscielna.pl\/index.php?rest_route=\/wp\/v2\/posts\/4223","targetHints":{"allow":["GET"]}}],"collection":[{"href":"https:\/\/parafiadlugakoscielna.pl\/index.php?rest_route=\/wp\/v2\/posts"}],"about":[{"href":"https:\/\/parafiadlugakoscielna.pl\/index.php?rest_route=\/wp\/v2\/types\/post"}],"author":[{"embeddable":true,"href":"https:\/\/parafiadlugakoscielna.pl\/index.php?rest_route=\/wp\/v2\/users\/1"}],"replies":[{"embeddable":true,"href":"https:\/\/parafiadlugakoscielna.pl\/index.php?rest_route=%2Fwp%2Fv2%2Fcomments&post=4223"}],"version-history":[{"count":1,"href":"https:\/\/parafiadlugakoscielna.pl\/index.php?rest_route=\/wp\/v2\/posts\/4223\/revisions"}],"predecessor-version":[{"id":4224,"href":"https:\/\/parafiadlugakoscielna.pl\/index.php?rest_route=\/wp\/v2\/posts\/4223\/revisions\/4224"}],"wp:attachment":[{"href":"https:\/\/parafiadlugakoscielna.pl\/index.php?rest_route=%2Fwp%2Fv2%2Fmedia&parent=4223"}],"wp:term":[{"taxonomy":"category","embeddable":true,"href":"https:\/\/parafiadlugakoscielna.pl\/index.php?rest_route=%2Fwp%2Fv2%2Fcategories&post=4223"},{"taxonomy":"post_tag","embeddable":true,"href":"https:\/\/parafiadlugakoscielna.pl\/index.php?rest_route=%2Fwp%2Fv2%2Ftags&post=4223"}],"curies":[{"name":"wp","href":"https:\/\/api.w.org\/{rel}","templated":true}]}}