{"id":4265,"date":"2024-01-21T09:15:16","date_gmt":"2024-01-21T09:15:16","guid":{"rendered":"https:\/\/parafiadlugakoscielna.pl\/?p=4265"},"modified":"2024-01-21T09:17:41","modified_gmt":"2024-01-21T09:17:41","slug":"zbiorka-zuzytego-sprzetu-elektronicznego-i-elektrycznego","status":"publish","type":"post","link":"https:\/\/parafiadlugakoscielna.pl\/?p=4265","title":{"rendered":"Zbi\u00f3rka zu\u017cytego sprz\u0119tu elektronicznego i elektrycznego"},"content":{"rendered":"\n<figure class=\"wp-block-image size-full\"><img fetchpriority=\"high\" decoding=\"async\" width=\"885\" height=\"626\" src=\"https:\/\/parafiadlugakoscielna.pl\/wp-content\/uploads\/2024\/01\/2024-01-30_zbiorka_elektro.png\" alt=\"\" class=\"wp-image-4267\" srcset=\"https:\/\/parafiadlugakoscielna.pl\/wp-content\/uploads\/2024\/01\/2024-01-30_zbiorka_elektro.png 885w, https:\/\/parafiadlugakoscielna.pl\/wp-content\/uploads\/2024\/01\/2024-01-30_zbiorka_elektro-300x212.png 300w, https:\/\/parafiadlugakoscielna.pl\/wp-content\/uploads\/2024\/01\/2024-01-30_zbiorka_elektro-768x543.png 768w\" sizes=\"(max-width: 885px) 100vw, 885px\" \/><\/figure>\n","protected":false},"excerpt":{"rendered":"","protected":false},"author":1,"featured_media":0,"comment_status":"closed","ping_status":"","sticky":false,"template":"","format":"standard","meta":{"ngg_post_thumbnail":0,"footnotes":""},"categories":[29],"tags":[],"class_list":["post-4265","post","type-post","status-publish","format-standard","hentry","category-29"],"_links":{"self":[{"href":"https:\/\/parafiadlugakoscielna.pl\/index.php?rest_route=\/wp\/v2\/posts\/4265","targetHints":{"allow":["GET"]}}],"collection":[{"href":"https:\/\/parafiadlugakoscielna.pl\/index.php?rest_route=\/wp\/v2\/posts"}],"about":[{"href":"https:\/\/parafiadlugakoscielna.pl\/index.php?rest_route=\/wp\/v2\/types\/post"}],"author":[{"embeddable":true,"href":"https:\/\/parafiadlugakoscielna.pl\/index.php?rest_route=\/wp\/v2\/users\/1"}],"replies":[{"embeddable":true,"href":"https:\/\/parafiadlugakoscielna.pl\/index.php?rest_route=%2Fwp%2Fv2%2Fcomments&post=4265"}],"version-history":[{"count":2,"href":"https:\/\/parafiadlugakoscielna.pl\/index.php?rest_route=\/wp\/v2\/posts\/4265\/revisions"}],"predecessor-version":[{"id":4268,"href":"https:\/\/parafiadlugakoscielna.pl\/index.php?rest_route=\/wp\/v2\/posts\/4265\/revisions\/4268"}],"wp:attachment":[{"href":"https:\/\/parafiadlugakoscielna.pl\/index.php?rest_route=%2Fwp%2Fv2%2Fmedia&parent=4265"}],"wp:term":[{"taxonomy":"category","embeddable":true,"href":"https:\/\/parafiadlugakoscielna.pl\/index.php?rest_route=%2Fwp%2Fv2%2Fcategories&post=4265"},{"taxonomy":"post_tag","embeddable":true,"href":"https:\/\/parafiadlugakoscielna.pl\/index.php?rest_route=%2Fwp%2Fv2%2Ftags&post=4265"}],"curies":[{"name":"wp","href":"https:\/\/api.w.org\/{rel}","templated":true}]}}