{"id":4534,"date":"2024-05-19T08:31:40","date_gmt":"2024-05-19T08:31:40","guid":{"rendered":"https:\/\/parafiadlugakoscielna.pl\/?p=4534"},"modified":"2024-05-19T08:31:40","modified_gmt":"2024-05-19T08:31:40","slug":"moc-ducha-w-kosciele","status":"publish","type":"post","link":"https:\/\/parafiadlugakoscielna.pl\/?p=4534","title":{"rendered":"Moc Ducha w Ko\u015bciele"},"content":{"rendered":"\n<p><strong>Duch \u015awi\u0119ty o\u015bwieca i podnosi, u\u015bwi\u0119ca oraz o\u017cywia cz\u0142owieka. Budzi w ludziach wszelkiego rodzaju dobre pragnienia i szlachetne t\u0119sknoty, a jedn\u0105 z nich jest pragnienie nieba. Przywraca te\u017c cz\u0142owiekowi nadziej\u0119.<\/strong><\/p>\n\n\n\n<p><strong>Ewangelia (J 7, 37-39)<\/strong><\/p>\n\n\n\n<p>S\u0142owa Ewangelii wed\u0142ug \u015awi\u0119tego Jana<\/p>\n\n\n\n<p><em>W ostatnim, najbardziej uroczystym dniu \u015awi\u0119ta Namiot\u00f3w Jezus wsta\u0142 i zawo\u0142a\u0142 dono\u015bnym g\u0142osem: \u00abJe\u015bli kto\u015b jest spragniony, a wierzy we Mnie \u2013 niech przyjdzie do Mnie i pije! Jak rzek\u0142o Pismo: Rzeki wody \u017cywej pop\u0142yn\u0105 z jego wn\u0119trza\u00bb. A powiedzia\u0142 to o Duchu, kt\u00f3rego mieli otrzyma\u0107 wierz\u0105cy w Niego; Duch bowiem jeszcze nie by\u0142 dany, poniewa\u017c Jezus nie zosta\u0142 jeszcze uwielbiony.<\/em><\/p>\n\n\n\n<p>Drodzy!<\/p>\n\n\n\n<p>1. Niedziela Zes\u0142ania Ducha \u015awi\u0119tego. Ostatnia Niedziela w okresie wielkanocnym. Dar Ducha, otrzymany na zako\u0144czenie \u015bwi\u0105t paschalnych, jest najcudowniejszym darem. To nie \u201eco\u015b\u201d, ale \u201eKto\u015b\u201d, kto jest samym \u017cyciem, jego \u017ar\u00f3d\u0142em, niewyczerpanym \u017ar\u00f3d\u0142em mi\u0142o\u015bci i nadziei, wszelkich mocy i \u015bwiat\u0142a, kt\u00f3re rozja\u015bnia wszystkie drogi, kt\u00f3rymi pod\u0105\u017ca cz\u0142owieka.<\/p>\n\n\n\n<p>Duch \u015awi\u0119ty o\u015bwieca i podnosi, u\u015bwi\u0119ca oraz o\u017cywia cz\u0142owieka. Budzi w ludziach wszelkiego rodzaju dobre pragnienia i szlachetne t\u0119sknoty, a jedn\u0105 z nich jest pragnienie nieba. Przywraca te\u017c cz\u0142owiekowi nadziej\u0119. Dzi\u0119ki Jego dzia\u0142aniu cz\u0142owiek odzyskuje pragnienie i moc do dobrego \u017cycia. Zaczyna coraz bardziej t\u0119skni\u0107 za pi\u0119knem i zarazem za tym, by sam by\u0142 duchowo pi\u0119knym. Pi\u0119knym w swoich pragnieniach i my\u015blach, w swoich s\u0142owach i przyja\u017aniach. Staje si\u0119 odwa\u017cny w swoich dzia\u0142aniach na rzecz dobra i pokoju. Got\u00f3w jest do udzielania przebaczania i przyjmowania go. Kiedy \u0142aska Ducha \u015awi\u0119tego zamieszkuje cz\u0142owieka, staje si\u0119 on m\u0105dry w pi\u0119knym \u015bwiadczeniu o Chrystusie.<\/p>\n\n\n\n<p>Duch \u015awi\u0119ty jest dla cz\u0142owieka dawc\u0105 \u017cycia duchowego, jest \u201esakramentem wewn\u0119trznego zjednoczenia z Bogiem\u201d, jak pisze \u015bw.&nbsp;<a href=\"https:\/\/www.jp2odkrywamyprawde.pl\/\" target=\"_blank\" rel=\"noreferrer noopener\">Jan Pawe\u0142 II<\/a>. Trzecia Osoba Tr\u00f3jcy \u015awi\u0119tej rozpala ogniem mi\u0142o\u015bci nasze serca. Nie widzimy, jak dzia\u0142a, ale dostrzegamy skutki tego udzielania w \u015bwiecie i Ko\u015bciele. Jan Pawe\u0142 II zauwa\u017ca, \u017ce Paraklet przeobra\u017ca cierpienie w odkupie\u0144cz\u0105 mi\u0142o\u015b\u0107. Oczyszcza te\u017c sumienia, a dzi\u0119ki temu zaczynamy wyra\u017aniej s\u0142ysze\u0107 Jego g\u0142os, odczytywa\u0107 Jego nauk\u0119. Duch \u015awi\u0119ty staje si\u0119 naszym wewn\u0119trznym nauczycielem. Jest naszym boskim Mistrzem, Przyjacielem, Doradc\u0105, Powiernikiem.<\/p>\n\n\n\n<p>2. Poniewa\u017c jest boskim Nauczycielem, Mistrzem \u017cycia duchowego, Parakletem, czyli pocieszycielem, obro\u0144c\u0105, adwokatem, rol\u0105 Ducha \u015awi\u0119tego jest te\u017c edukacja cz\u0142owieka. W zakres Jego dzia\u0142a\u0144 wchodzi wi\u0119c przekonywanie cz\u0142owieka (i \u015bwiata), \u017ce B\u00f3g jest Bogiem, a cz\u0142owiek cz\u0142owiekiem, \u017ce zadaniem cz\u0142owieka jest wielbi\u0107 Boga, a siebie rozwa\u017ca\u0107 wy\u0142\u0105cznie w perspektywie Boga, nigdy za\u015b poza Bogiem czy wbrew Niemu.<\/p>\n\n\n\n<p>\u015aw. Ireneusz z Lyonu wyra\u017anie zaznacza, w jakim celu Duch \u015awi\u0119ty zst\u0105pi\u0142 na nas: \u201eMy, kt\u00f3rzy otrzymali\u015bmy przez Ducha \u015awi\u0119tego obraz i napis Ojca i Syna, mamy pomno\u017cy\u0107 denar nam dany i pomno\u017cony zwr\u00f3ci\u0107 naszemu Panu\u201d. A czym jest ta misja? Czy jest ni\u0105 tylko bezpo\u015brednie g\u0142oszenie Ewangelii? Nie tylko! Misj\u0105 Ducha jest te\u017c ci\u0105g\u0142e przekonywanie cz\u0142owieka, \u017ce jego przysz\u0142o\u015b\u0107 jest wy\u0142\u0105cznie w Bogu, nigdy za\u015b w swojej samowystarczalno\u015bci. Przypomina, \u017ce \u017cycie ziemskie jest pielgrzymowaniem do ojczyzny niebieskiej i dlatego nie ma tutaj, na Ziemi, trwa\u0142ego mieszkania.<\/p>\n\n\n\n<p>Duch \u015awi\u0119ty staje te\u017c po stronie cz\u0142owieka w jego walce z r\u00f3\u017cnego rodzaju nami\u0119tno\u015bciami, kt\u00f3re \u2013 je\u015bli im ulega \u2013 u\u015bmiercaj\u0105 w nim \u017cycie duchowe. Duch Bo\u017cy roz\u015bwietla jego my\u015bli, pragnienia i sumienie, by wiedzia\u0142, co robi\u0107, chcia\u0142 tego i weryfikowa\u0142 ci\u0105gle, czy to czyni.<\/p>\n\n\n\n<p>Duch \u015awi\u0119ty o\u017cywia te\u017c Ko\u015bci\u00f3\u0142. On jest jego wewn\u0119trzn\u0105 si\u0142\u0105, \u017ar\u00f3d\u0142em m\u0105dro\u015bci i \u015bwi\u0119to\u015bci. To nie wierz\u0105cy gwarantuj\u0105 trwa\u0142o\u015b\u0107 i rozw\u00f3j Ko\u015bcio\u0142a, ale obecny i dzia\u0142aj\u0105cy w nim Duch \u015awi\u0119ty. To dla nas \u017ar\u00f3d\u0142o wielkiej pociechy i nadziei. \u015aw. Jan Pawe\u0142 II uczy\u0142, \u017ce w Ko\u015bciele, opartym na fundamencie aposto\u0142\u00f3w, trwa obecno\u015b\u0107 Ducha \u015awi\u0119tego, kt\u00f3ry nieustannie go oczyszcza, u\u015bwi\u0119ca i reformuje.<\/p>\n\n\n\n<p>3. Czy wierzymy jeszcze w to pi\u0119kne i wielkie dzia\u0142anie Ducha \u015awi\u0119tego? Czy wierzymy w owoce sakramentu Chrztu czy Bierzmowania \u2013 sakrament\u00f3w Ducha \u015awi\u0119tego? Kaznodzieja papieski, kapucyn, o. Raniero Cantalamessa m\u00f3wi\u0142, \u017ce w \u017cyciu wielu wsp\u00f3\u0142czesnych chrze\u015bcijan chrzest, ale te\u017c bierzmowanie, pozostaje sakramentem \u201ezwi\u0105zanym\u201d. To, co nale\u017cy do Boga zosta\u0142o wykonane: dar zosta\u0142 udzielony. Jednak\u017ce to, co nale\u017cy do cz\u0142owieka, jego wk\u0142ad, odpowied\u017a wolno\u015bci, jeszcze nie zaistnia\u0142o albo nie zaistnia\u0142o w spos\u00f3b pe\u0142ny.<\/p>\n\n\n\n<p>Wielu nie zrozumia\u0142o daru Ducha, otrzymanego na chrzcie i w sakramencie bierzmowania, i nie podj\u0119\u0142o dzie\u0142a przepowiadania or\u0119dzia Chrystusa. Wspomina\u0142 o tym \u015bw. Pawe\u0142 VI w 1964 roku: \u201eJeste\u015bmy g\u0142\u0119boko przekonani, \u017ce Ko\u015bci\u00f3\u0142 winien w siebie wnikn\u0105\u0107, przemy\u015ble\u0107 swoj\u0105 tajemnic\u0119, a celem zdobycia g\u0142\u0119bszej wiedzy o sobie i gorliwo\u015bci przebada\u0107 wnikliwiej nauk\u0119 o swym pochodzeniu, o swej naturze, pe\u0142nieniu swej misji i o swoim celu\u201d (Ecclessiam suam, 9\u201310 ). Nawi\u0105zywa\u0142 do tego \u015bw.&nbsp;<a href=\"https:\/\/www.jp2odkrywamyprawde.pl\/\" target=\"_blank\" rel=\"noreferrer noopener\">Jan Pawe\u0142 II<\/a>&nbsp;(1990), kiedy pisa\u0142, \u017ce \u201edzisiejsz\u0105 pokus\u0105 jest sprowadzanie chrze\u015bcija\u0144stwa do m\u0105dro\u015bci czysto ludzkiej, jakby do wiedzy o tym, jak dobrze \u017cy\u0107. W \u015bwiecie silnie zsekularyzowanym nast\u0105pi\u0142o \u00bbstopniowe ze\u015bwiecczenie zbawienia\u00ab (\u2026) Ca\u0142e grupy ochrzczonych utraci\u0142y \u017cywy sens wiary albo wprost nie uwa\u017caj\u0105 si\u0119 ju\u017c za cz\u0142onk\u00f3w Ko\u015bcio\u0142a, prowadz\u0105c \u017cycie dalekie od Chrystusa i od Jego Ewangelii\u201d (Redemptoris missio, 11,33).<\/p>\n\n\n\n<p>Kardyna\u0142 Joseph Ratzinger, w Wigili\u0119 Paschaln\u0105 na tydzie\u0144 przed \u015bmierci\u0105 Jana Paw\u0142a II (2005), apelowa\u0142: \u201eZbud\u017amy si\u0119 z naszego znu\u017conego, pozbawionego zapa\u0142u chrze\u015bcija\u0144stwa\u201d. Natomiast jako papie\u017c, w roku 2011, zauwa\u017ca\u0142, \u017ce \u201epowi\u0119ksza si\u0119 rzesza os\u00f3b, kt\u00f3rym wprawdzie by\u0142a g\u0142oszona Ewangelia, ale zapomnia\u0142y o niej i oddali\u0142y si\u0119 od niej, nie uto\u017csamiaj\u0105 si\u0119 ju\u017c z Ko\u015bcio\u0142em (\u2026) Dokonuje si\u0119 przemiana kulturowa, kt\u00f3rej sprzyjaj\u0105 tak\u017ce globalizacja, pr\u0105dy my\u015blowe i panuj\u0105cy relatywizm; przemiana, kt\u00f3rej rezultatem jest mentalno\u015b\u0107 i styl \u017cycia nieuwzgl\u0119dniaj\u0105ce przes\u0142ania ewangelicznego, jak gdyby B\u00f3g nie istnia\u0142, a afirmuj\u0105ce jako cel \u017cycia d\u0105\u017cenie do dobrobytu, \u0142atwego zarobku, kariery i sukcesu, nawet kosztem warto\u015bci moralnych\u201d (Or\u0119dzie na \u015awiatowy Dzie\u0144 Misyjny).<\/p>\n\n\n\n<p>Potrzeba na nowo odkry\u0107 obecno\u015b\u0107 i dzia\u0142anie Ducha \u015awi\u0119tego w \u017cyciu ochrzczonych i w \u017cyciu Ko\u015bcio\u0142a. Trzeba Go prosi\u0107, by rozpali\u0142 w nas, wierz\u0105cych, i w Ko\u015bciele gotowo\u015b\u0107 do g\u0142oszenia or\u0119dzia mi\u0142o\u015bci Boga i dawania o Nim \u015bwiadectwa. Pro\u015bmy Go, by \u0142\u0105czy\u0142 w nas \u0142agodno\u015b\u0107 z wszechmoc\u0105, pot\u0119g\u0119 z subtelno\u015bci\u0105.<\/p>\n\n\n\n<p>Panie! Nape\u0142nij nas Duchem \u015awi\u0119tym, by\u015bmy poznali prawd\u0119 o nas samych i g\u0142osili \u015bwiatu Twoje or\u0119dzie!<\/p>\n\n\n\n<p>* * *<\/p>\n\n\n\n<p>Modlitwa o 7 dar\u00f3w Ducha \u015awi\u0119tego ze szko\u0142y modlitwy \u015bw. Jana Paw\u0142a II<\/p>\n\n\n\n<p>Uwielbiam Ci\u0119, Duchu \u015awi\u0119ty, oddaj\u0119 si\u0119 Tobie i z ufno\u015bci\u0105 prosz\u0119, aby\u015b zawsze mieszka\u0142 we mnie, wszystkiego mnie nauczy\u0142 i hojnie udziela\u0142 mi swoich dar\u00f3w.<br>O Duchu \u015awi\u0119ty, Dawco daru m\u0105dro\u015bci, o\u015bwiecaj mnie.<br>O Duchu \u015awi\u0119ty, Dawco daru rozumu, pouczaj mnie.<br>O Duchu \u015awi\u0119ty, Dawco daru rady, kieruj mn\u0105.<br>O Duchu \u015awi\u0119ty, Dawco daru m\u0119stwa, umacniaj mnie.<br>O Duchu \u015awi\u0119ty, Dawco daru umiej\u0119tno\u015bci, prowad\u017a mnie.<br>O Duchu \u015awi\u0119ty, Dawco daru pobo\u017cno\u015bci, u\u015bwi\u0119caj mnie.<br>O Duchu \u015awi\u0119ty, Dawco daru boja\u017ani Bo\u017cej, bro\u0144 mnie.<br>Niebieski Ogniu, przemieniaj mnie w siebie, abym coraz bardziej p\u0142on\u0105\u0142 mi\u0142o\u015bci\u0105 Boga i ludzi.<\/p>\n\n\n\n<p>Niech mi\u0142o\u015b\u0107 b\u0119dzie najwa\u017cniejsz\u0105 regu\u0142\u0105 mego ziemskiego \u017cycia i darem uczestnictwa w Twoim Boskim \u017cyciu, w kt\u00f3rym jeste\u015b jedno z Ojcem i Synem w wiecznym szcz\u0119\u015bciu Tr\u00f3jcy.<\/p>\n\n\n\n<p>Amen.<\/p>\n\n\n\n<p class=\"has-text-align-right\">\u0179r\u00f3d\u0142o: <a href=\"https:\/\/www.niedziela.pl\/artykul\/101723\/Moc-Ducha-w-Kosciele\" target=\"_blank\" rel=\"noreferrer noopener\">Niedziela<\/a><\/p>\n","protected":false},"excerpt":{"rendered":"<p>Duch \u015awi\u0119ty o\u015bwieca i podnosi, u\u015bwi\u0119ca oraz o\u017cywia cz\u0142owieka. Budzi w ludziach wszelkiego rodzaju dobre pragnienia i szlachetne t\u0119sknoty, a jedn\u0105 z nich jest pragnienie<a href=\"https:\/\/parafiadlugakoscielna.pl\/?p=4534\" class=\"more-link\">View More<\/a><\/p>\n","protected":false},"author":1,"featured_media":0,"comment_status":"closed","ping_status":"","sticky":false,"template":"","format":"standard","meta":{"ngg_post_thumbnail":0,"footnotes":""},"categories":[29],"tags":[],"class_list":["post-4534","post","type-post","status-publish","format-standard","hentry","category-29"],"_links":{"self":[{"href":"https:\/\/parafiadlugakoscielna.pl\/index.php?rest_route=\/wp\/v2\/posts\/4534","targetHints":{"allow":["GET"]}}],"collection":[{"href":"https:\/\/parafiadlugakoscielna.pl\/index.php?rest_route=\/wp\/v2\/posts"}],"about":[{"href":"https:\/\/parafiadlugakoscielna.pl\/index.php?rest_route=\/wp\/v2\/types\/post"}],"author":[{"embeddable":true,"href":"https:\/\/parafiadlugakoscielna.pl\/index.php?rest_route=\/wp\/v2\/users\/1"}],"replies":[{"embeddable":true,"href":"https:\/\/parafiadlugakoscielna.pl\/index.php?rest_route=%2Fwp%2Fv2%2Fcomments&post=4534"}],"version-history":[{"count":1,"href":"https:\/\/parafiadlugakoscielna.pl\/index.php?rest_route=\/wp\/v2\/posts\/4534\/revisions"}],"predecessor-version":[{"id":4535,"href":"https:\/\/parafiadlugakoscielna.pl\/index.php?rest_route=\/wp\/v2\/posts\/4534\/revisions\/4535"}],"wp:attachment":[{"href":"https:\/\/parafiadlugakoscielna.pl\/index.php?rest_route=%2Fwp%2Fv2%2Fmedia&parent=4534"}],"wp:term":[{"taxonomy":"category","embeddable":true,"href":"https:\/\/parafiadlugakoscielna.pl\/index.php?rest_route=%2Fwp%2Fv2%2Fcategories&post=4534"},{"taxonomy":"post_tag","embeddable":true,"href":"https:\/\/parafiadlugakoscielna.pl\/index.php?rest_route=%2Fwp%2Fv2%2Ftags&post=4534"}],"curies":[{"name":"wp","href":"https:\/\/api.w.org\/{rel}","templated":true}]}}