{"id":4625,"date":"2024-06-02T12:22:24","date_gmt":"2024-06-02T12:22:24","guid":{"rendered":"https:\/\/parafiadlugakoscielna.pl\/?p=4625"},"modified":"2024-06-02T12:22:24","modified_gmt":"2024-06-02T12:22:24","slug":"boze-cialo-2024","status":"publish","type":"post","link":"https:\/\/parafiadlugakoscielna.pl\/?p=4625","title":{"rendered":"Bo\u017ce Cia\u0142o 2024"},"content":{"rendered":"\n<p>Zapraszamy do obejrzenia galerii zdj\u0119\u0107 z procesji Bo\u017cego Cia\u0142a, kt\u00f3ra przesz\u0142a ulicami naszej parafii z ko\u015bcio\u0142a na cmentarz parafialny w dniu 30 maja 2024 r.<\/p>\n\n\n\n<figure class=\"wp-block-embed is-type-wp-embed is-provider-wi-ta-anna wp-block-embed-wi-ta-anna\"><div class=\"wp-block-embed__wrapper\">\n<blockquote class=\"wp-embedded-content\" data-secret=\"2O3nHUzoYL\"><a href=\"https:\/\/parafiadlugakoscielna.pl\/?page_id=4558\">Bo\u017ce Cia\u0142o (30-05-2024)<\/a><\/blockquote><iframe class=\"wp-embedded-content\" sandbox=\"allow-scripts\" security=\"restricted\" style=\"position: absolute; clip: rect(1px, 1px, 1px, 1px);\" title=\"&#8222;Bo\u017ce Cia\u0142o (30-05-2024)&#8221; &#8212; \u015awi\u0119ta Anna\" src=\"https:\/\/parafiadlugakoscielna.pl\/?page_id=4558&#038;embed=true#?secret=5IhqaABbsk#?secret=2O3nHUzoYL\" data-secret=\"2O3nHUzoYL\" width=\"600\" height=\"338\" frameborder=\"0\" marginwidth=\"0\" marginheight=\"0\" scrolling=\"no\"><\/iframe>\n<\/div><\/figure>\n","protected":false},"excerpt":{"rendered":"<p>Zapraszamy do obejrzenia galerii zdj\u0119\u0107 z procesji Bo\u017cego Cia\u0142a, kt\u00f3ra przesz\u0142a ulicami naszej parafii z ko\u015bcio\u0142a na cmentarz parafialny w dniu 30 maja 2024 r.<\/p>\n","protected":false},"author":1,"featured_media":0,"comment_status":"closed","ping_status":"","sticky":false,"template":"","format":"standard","meta":{"ngg_post_thumbnail":0,"footnotes":""},"categories":[29],"tags":[],"class_list":["post-4625","post","type-post","status-publish","format-standard","hentry","category-29"],"_links":{"self":[{"href":"https:\/\/parafiadlugakoscielna.pl\/index.php?rest_route=\/wp\/v2\/posts\/4625","targetHints":{"allow":["GET"]}}],"collection":[{"href":"https:\/\/parafiadlugakoscielna.pl\/index.php?rest_route=\/wp\/v2\/posts"}],"about":[{"href":"https:\/\/parafiadlugakoscielna.pl\/index.php?rest_route=\/wp\/v2\/types\/post"}],"author":[{"embeddable":true,"href":"https:\/\/parafiadlugakoscielna.pl\/index.php?rest_route=\/wp\/v2\/users\/1"}],"replies":[{"embeddable":true,"href":"https:\/\/parafiadlugakoscielna.pl\/index.php?rest_route=%2Fwp%2Fv2%2Fcomments&post=4625"}],"version-history":[{"count":1,"href":"https:\/\/parafiadlugakoscielna.pl\/index.php?rest_route=\/wp\/v2\/posts\/4625\/revisions"}],"predecessor-version":[{"id":4626,"href":"https:\/\/parafiadlugakoscielna.pl\/index.php?rest_route=\/wp\/v2\/posts\/4625\/revisions\/4626"}],"wp:attachment":[{"href":"https:\/\/parafiadlugakoscielna.pl\/index.php?rest_route=%2Fwp%2Fv2%2Fmedia&parent=4625"}],"wp:term":[{"taxonomy":"category","embeddable":true,"href":"https:\/\/parafiadlugakoscielna.pl\/index.php?rest_route=%2Fwp%2Fv2%2Fcategories&post=4625"},{"taxonomy":"post_tag","embeddable":true,"href":"https:\/\/parafiadlugakoscielna.pl\/index.php?rest_route=%2Fwp%2Fv2%2Ftags&post=4625"}],"curies":[{"name":"wp","href":"https:\/\/api.w.org\/{rel}","templated":true}]}}