{"id":4888,"date":"2024-12-01T10:54:22","date_gmt":"2024-12-01T10:54:22","guid":{"rendered":"https:\/\/parafiadlugakoscielna.pl\/?p=4888"},"modified":"2024-12-01T10:54:47","modified_gmt":"2024-12-01T10:54:47","slug":"slowo-pasterskie-na-adwent-2024","status":"publish","type":"post","link":"https:\/\/parafiadlugakoscielna.pl\/?p=4888","title":{"rendered":"S\u0142owo pasterskie na Adwent 2024"},"content":{"rendered":"<div class=\"wp-block-image\">\n<figure class=\"aligncenter size-full\"><img fetchpriority=\"high\" decoding=\"async\" width=\"238\" height=\"277\" src=\"https:\/\/parafiadlugakoscielna.pl\/wp-content\/uploads\/2020\/12\/plik.jpg\" alt=\"\" class=\"wp-image-247\"\/><\/figure>\n<\/div>\n\n\n<p><\/p>\n\n\n\n<h3 class=\"wp-block-heading\"><strong>S\u0142owo pasterskie na rozpoczynaj\u0105cy si\u0119 Adwent<\/strong><br><strong>i nowy rok duszpasterski&nbsp;<em>Pielgrzymi nadziei<\/em><\/strong><\/h3>\n\n\n\n<hr class=\"wp-block-separator has-alpha-channel-opacity\"\/>\n\n\n\n<p><strong>Wielebni Duszpasterze,<br>Czcigodne Osoby \u017bycia Konsekrowanego,<br>Umi\u0142owani Diecezjanie,<\/strong><\/p>\n\n\n\n<p><strong>***<\/strong><\/p>\n\n\n\n<p>Jak\u017ce uroczy\u015bcie zabrzmia\u0142a tradycyjna pie\u015b\u0144 \u201eArchanio\u0142 Bo\u017cy Gabryjel pos\u0142an do Panny Maryi\u2026\u201d, rozpoczynaj\u0105ca kolejny w naszym \u017cyciu adwent. Czas szczeg\u00f3lny, kt\u00f3ry mo\u017cemy prze\u017cywa\u0107 w wielu wymiarach.<br>W pierwszej kolejno\u015bci jako przygotowanie do owocnego prze\u017cycia \u015awi\u0105t Narodzenia Pa\u0144skiego. Taki pocz\u0105tek roku liturgicznego jest nam najbardziej znany i bliski. Innym wymiarem szeroko rozumianego adwentu jest pe\u0142ne nadziei, osobiste oczekiwanie na przyj\u015bcie Chrystusa Zbawiciela: to w czasach ostatecznych, i to w chwili naszej \u015bmierci.<\/p>\n\n\n\n<p>Rozpoczynamy rok liturgiczny i zarazem realizacj\u0119 nowego programu duszpasterskiego, kt\u00f3rego tematyka b\u0119dzie \u015bci\u015ble powiazania z obchodami Jubileuszu Zwyczajnego Roku \u015awi\u0119tego 2025.<br>Jubileusz by\u0142 zawsze w \u017cyciu Ko\u015bcio\u0142a wydarzeniem o wielkim znaczeniu duchowym, wsp\u00f3lnotowym oraz spo\u0142ecznym. Pierwszy Rok \u015awi\u0119ty ustanowi\u0142 papie\u017c Bonifacy VIII w 1300 roku. Mia\u0142 by\u0107 obchodzony co sto lat, a p\u00f3\u017aniej, na wz\u00f3r biblijny, co 50. Ostatecznie ustalono, \u017ce b\u0119dzie obchodzony co 25 lat. Dla wiernego ludu Bo\u017cego jest to celebracja wyj\u0105tkowego daru \u0142aski: szczeg\u00f3lnie przebaczenia grzech\u00f3w i mo\u017cliwo\u015bci uzyskania odpustu, b\u0119d\u0105cego wyrazem niesko\u0144czonego mi\u0142osierdzia Bo\u017cego.<\/p>\n\n\n\n<p><strong>***<\/strong><\/p>\n\n\n\n<p>PIELGRZYMI NADZIEI \u2013 to has\u0142o, kt\u00f3re b\u0119dzie nam towarzyszy\u0142o jako temat Roku Jubileuszowego i programu duszpasterskiego.<\/p>\n\n\n\n<p>Katechizm Ko\u015bcio\u0142a Katolickiego m\u00f3wi\u0105c o nadziei, okre\u015bla j\u0105 jako ufne oczekiwanie na b\u0142ogos\u0142awie\u0144stwo i pragnienie ogl\u0105dania Boga. Taka postawa ma swoje korzenie biblijne.<br>W Pi\u015bmie \u015awi\u0119tym nar\u00f3d wybrany, na mocy przymierza zawartego z Bogiem, oczekuje od Niego wszelkich b\u0142ogos\u0142awie\u0144stw, mi\u0142osierdzia, zbawienia i pokoju. Jest ludem spogl\u0105daj\u0105cym w przysz\u0142o\u015b\u0107, pragn\u0105cym osi\u0105gni\u0119cia ziemi obiecanej. Podstaw\u0105 jego nadziei jest fakt, \u017ce B\u00f3g jest wierny swoim obietnicom, dlatego pok\u0142ada w Nim ufno\u015b\u0107. Wierzy, bo ma do\u015bwiadczenie wyj\u015bcia z niewoli egipskiej.<br>Wyrazem taj ufno\u015bci s\u0105 tak\u017ce psalmy. Warto przytoczy\u0107 fragment Psalmu 130:&nbsp;<em>W Panu pok\u0142adam nadziej\u0119, nadziej\u0119 \u017cywi moja dusza: czeka na Twe s\u0142owo. Dusza moja oczekuje Pana bardziej ni\u017c stra\u017cnicy \u015bwitu. Niech Izrael wygl\u0105da Pana. U Pana bowiem jest \u0142aska i w obfito\u015bci u Niego odkupienie.<\/em><br>W Nowym Testamencie podstaw\u0105 ufno\u015bci i nadziei staje si\u0119 Chrystus, objawiaj\u0105cy niesko\u0144czenie mi\u0142uj\u0105cego nas Ojca. Przez swoj\u0105 \u015bmier\u0107 i zmartwychwstanie Chrystus pojedna\u0142 nas z Ojcem i otworzy\u0142 nam niebo. St\u0105d czerpiemy pewno\u015b\u0107 naszej szcz\u0119\u015bliwej wieczno\u015bci.<\/p>\n\n\n\n<p><strong>***<\/strong><\/p>\n\n\n\n<p>Istotnym przes\u0142aniem staje si\u0119 dla ka\u017cdego i ka\u017cdej z nas tak\u017ce dzisiejsza Liturgia S\u0142owa. I Niedziela Adwentu nie pozostawia w\u0105tpliwo\u015bci w czym Pan ma upodobanie i co mamy czyni\u0107 w \u017cyciu, aby dost\u0105pi\u0107 zbawienia. Fundamentem powinna by\u0107 modlitwa i nieustanne czuwanie, rozumiane jako \u017cycie w \u0142asce u\u015bwi\u0119caj\u0105cej.<br>W ewangelii Jezus przestrzega, aby\u015bmy nie dali si\u0119 opanowa\u0107 \u017cadnemu z\u0142u, ale pozostali lud\u017ami wolnymi i pe\u0142nymi rado\u015bci w oczekiwaniu na ostateczne przyj\u015bcie Zbawiciela, Sprawiedliwego S\u0119dziego. Do sprawiedliwo\u015bci Bo\u017cej odwo\u0142uje nas dzisiaj tak\u017ce prorok Jeremiasz. To jej uosobieniem jest Jezus, zapowiadany potomek Dawida.<br>G\u0142osicielem naszego adwentowego oczekiwania na Mesjasza staje si\u0119 dzisiaj tak\u017ce \u015bw. Pawe\u0142 Aposto\u0142. Przekazuje nam pragnienie, wtedy kierowane do Tesaloniczan, ale aktualne tak\u017ce dla nas, aby\u015bmy wzrastali we wzajemnej mi\u0142o\u015bci i prawdziwie d\u0105\u017cyli do doskona\u0142o\u015bci na wz\u00f3r Jezusa Chrystusa.<\/p>\n\n\n\n<p><strong>***<\/strong><\/p>\n\n\n\n<p>Za niespe\u0142na miesi\u0105c rozpocznie si\u0119 \u015awi\u0119ty Rok Jubileuszowy. W czasach Starego Testamentu by\u0142o to jedno z najwa\u017cniejszych i najbardziej cenionych wydarze\u0144 religijnych. By\u0142 to czas, kiedy pozwalano ziemi odpocz\u0105\u0107, a ludzie odzyskiwali wszystko, co utracili, nawet zabrane im pola czy domy. Niewolnikom zwracano wolno\u015b\u0107, a ludziom niewyp\u0142acalnym darowano d\u0142ugi. To wszechstronne zdobywanie si\u0119 cz\u0142owieka na dobro\u0107 stawa\u0142o si\u0119 podstaw\u0105 do spodziewania si\u0119 od Boga \u0142aski, przebaczenia grzech\u00f3w i b\u0142ogos\u0142awie\u0144stwa na dalszy etap \u017cycia.<\/p>\n\n\n\n<p>W tym kontek\u015bcie&nbsp;<strong>najwi\u0119kszym, najcenniejszym i najpi\u0119kniejszym darem jubileuszowym, otrzymanym przez ludzko\u015b\u0107 od samego Boga jest Jego Syn, Jezus Chrystus, narodzony z Maryi Dziewicy dla naszego zbawienia.&nbsp;<\/strong>To dlatego podczas pierwszego wyst\u0105pienia w synagodze w Nazarecie Pan Jezus powiedzia\u0142:&nbsp;<em>Duch Pa\u0144ski spoczywa na Mnie, poniewa\u017c Mnie nama\u015bci\u0142 i pos\u0142a\u0142 Mnie, abym obwo\u0142ywa\u0142 rok \u0142aski od Pana&nbsp;<\/em>(\u0141k 4, 18). Od chwili przyj\u015bcia Jezusa Chrystusa ca\u0142a nasza rzeczywisto\u015b\u0107 sta\u0142a si\u0119 swoistym jubileuszem.<\/p>\n\n\n\n<p>Jak wspomnia\u0142em, Ko\u015bci\u00f3\u0142 przej\u0105\u0142 starotestamentaln\u0105 instytucj\u0119 roku jubileuszowego i obchodzi go co dwadzie\u015bcia pi\u0119\u0107 lat, liczonych od narodzin Zbawiciela. Wsp\u00f3lnota Ko\u015bcio\u0142a jako mistyczne Cia\u0142o Chrystusa jest zawsze otwarta dla wszystkich ludzi pragn\u0105cych pozna\u0107 Boga i zbli\u017cy\u0107 si\u0119 do Niego. Gdy jednak nadchodzi Rok \u015awi\u0119ty, Ko\u015bci\u00f3\u0142 otwiera symboliczne Drzwi \u015awi\u0119te. Jako nast\u0119pca \u015bwi\u0119tego Piotra ka\u017cdy papie\u017c otwiera je w swoich rzymskich bazylikach na ten szczeg\u00f3lny okres hojno\u015bci \u0142aski i b\u0142ogos\u0142awie\u0144stwa. Dla ka\u017cdego pielgrzyma przekroczenie drzwi \u015bwi\u0119tych symbolizuje porzucenie grzech\u00f3w i przej\u015bcie do \u017cycia w \u0142asce. Jest to mo\u017cliwe tylko dzi\u0119ki Chrystusowi, kt\u00f3ry obieca\u0142:&nbsp;<em>Ja jestem bram\u0105. Je\u015bli kto\u015b wejdzie przeze Mnie, b\u0119dzie zbawiony<\/em>&nbsp;(J 10, 7). Otwarte bramy Roku \u015awi\u0119tego b\u0119d\u0105 nam przypomina\u0142y, \u017ce Ko\u015bci\u00f3\u0142 pragnie: by\u0107 blisko wszystkich ludzi dobrej woli i budowa\u0107 relacje braterstwa oraz jedno\u015bci.<br>Aby ze skarbca \u0142ask mogli korzysta\u0107 nie tylko pielgrzymi przybywaj\u0105cy do Wiecznego Miasta, Ojciec \u015awi\u0119ty pozwala i zach\u0119ca Ko\u015bcio\u0142y lokalne, by ich pasterze wyznaczali w diecezjach ko\u015bcio\u0142y stacyjne Roku \u015awi\u0119tego. Dlatego, moc\u0105 udzielonej mi w\u0142adzy, wskazuj\u0119 uprzywilejowane \u015bwi\u0105tynie na terenie diecezji warszawsko-praskiej. Poza Bazylik\u0105 Katedraln\u0105 b\u0119d\u0105 nimi tak\u017ce inne \u015bwi\u0105tynie, o kt\u00f3rych jubileuszowym uprzywilejowaniu powiadomi\u0105 wiernych duszpasterze.<br>Zapraszam Was do podj\u0119cia trudu pielgrzymowania do tych miejsc. Zach\u0119cam wszystkich do pog\u0142\u0119biania formacji religijnej, do pojednania si\u0119 z Bogiem, do uzyskiwania odpust\u00f3w zupe\u0142nych, w kt\u00f3rych objawia si\u0119 mi\u0142osierdzie Bo\u017ce. W Ksi\u0119dze Apokalipsy czytamy:&nbsp;<em>Oto stoj\u0119 u drzwi i ko\u0142acz\u0119: je\u015bli kto pos\u0142yszy m\u00f3j g\u0142os i drzwi otworzy, wejd\u0119 do niego<\/em>&nbsp;(Ap 3, 20). Jezus czeka na nas. Tak\u017ce \u015bw. Jan Pawe\u0142 II, inauguruj\u0105c pontyfikat zach\u0119ca\u0142 \u015bwiat do otwarcia Chrystusowi drzwi naszego \u017cycia. Dlatego razem z Psalmist\u0105 wo\u0142ajmy:&nbsp;<em>Bramy podnie\u015bcie swe szczyty, unie\u015bcie si\u0119, odwieczne podwoje, aby m\u00f3g\u0142 wkroczy\u0107 Kr\u00f3l chwa\u0142y.&nbsp;<\/em>Niech w pobo\u017cnym prze\u017cyciu roku jubileuszowego wspiera nas Maryja, kt\u00f3r\u0105 w litanii loreta\u0144skiej nazywamy&nbsp;<em>Bram\u0105 niebiesk\u0105<\/em>, a kt\u00f3r\u0105 czcimy w naszej diecezji jako Matk\u0119 Bo\u017c\u0105 Zwyci\u0119sk\u0105.<\/p>\n\n\n\n<p><strong>Umi\u0142owani Diecezjanie,<\/strong><\/p>\n\n\n\n<p>Niech zgodnie z \u017cyczeniem papie\u017ca Franciszka, wyra\u017conym w bulli&nbsp;<em>Spes non confundit<\/em>, og\u0142aszaj\u0105cej Jubileusz Roku \u015awi\u0119tego 2025, rozpocznie si\u0119 dla nas czas nadziei pok\u0142adanej w Bogu; nadziei, kt\u00f3ra nie ga\u015bnie; nadziei, kt\u00f3ra zawie\u015b\u0107 nie mo\u017ce. Zgodnie ze s\u0142owami Ojca \u015awi\u0119tego&nbsp;<em>[n]iech moc tej nadziei wype\u0142nia nasz\u0105 tera\u017aniejszo\u015b\u0107, w ufnym oczekiwaniu na powr\u00f3t Pana Jezusa Chrystusa, kt\u00f3remu niech b\u0119dzie cze\u015b\u0107 i chwa\u0142a teraz i na przysz\u0142e wieki.<\/em><\/p>\n\n\n\n<p>Z modlitw\u0105 i pasterskim b\u0142ogos\u0142awie\u0144stwem<\/p>\n\n\n\n<p><em><br>+ Romuald Kami\u0144ski<br>Biskup Warszawsko-Praski<\/em><\/p>\n\n\n\n<p>Warszawa, dnia 1 grudnia 2024 r., w I Niedziel\u0119 Adwentu.<\/p>\n","protected":false},"excerpt":{"rendered":"<p>S\u0142owo pasterskie na rozpoczynaj\u0105cy si\u0119 Adwenti nowy rok duszpasterski&nbsp;Pielgrzymi nadziei Wielebni Duszpasterze,Czcigodne Osoby \u017bycia Konsekrowanego,Umi\u0142owani Diecezjanie, *** Jak\u017ce uroczy\u015bcie zabrzmia\u0142a tradycyjna pie\u015b\u0144 \u201eArchanio\u0142 Bo\u017cy Gabryjel<a href=\"https:\/\/parafiadlugakoscielna.pl\/?p=4888\" class=\"more-link\">View More<\/a><\/p>\n","protected":false},"author":1,"featured_media":0,"comment_status":"closed","ping_status":"","sticky":false,"template":"","format":"standard","meta":{"ngg_post_thumbnail":0,"footnotes":""},"categories":[29],"tags":[],"class_list":["post-4888","post","type-post","status-publish","format-standard","hentry","category-29"],"_links":{"self":[{"href":"https:\/\/parafiadlugakoscielna.pl\/index.php?rest_route=\/wp\/v2\/posts\/4888","targetHints":{"allow":["GET"]}}],"collection":[{"href":"https:\/\/parafiadlugakoscielna.pl\/index.php?rest_route=\/wp\/v2\/posts"}],"about":[{"href":"https:\/\/parafiadlugakoscielna.pl\/index.php?rest_route=\/wp\/v2\/types\/post"}],"author":[{"embeddable":true,"href":"https:\/\/parafiadlugakoscielna.pl\/index.php?rest_route=\/wp\/v2\/users\/1"}],"replies":[{"embeddable":true,"href":"https:\/\/parafiadlugakoscielna.pl\/index.php?rest_route=%2Fwp%2Fv2%2Fcomments&post=4888"}],"version-history":[{"count":2,"href":"https:\/\/parafiadlugakoscielna.pl\/index.php?rest_route=\/wp\/v2\/posts\/4888\/revisions"}],"predecessor-version":[{"id":4890,"href":"https:\/\/parafiadlugakoscielna.pl\/index.php?rest_route=\/wp\/v2\/posts\/4888\/revisions\/4890"}],"wp:attachment":[{"href":"https:\/\/parafiadlugakoscielna.pl\/index.php?rest_route=%2Fwp%2Fv2%2Fmedia&parent=4888"}],"wp:term":[{"taxonomy":"category","embeddable":true,"href":"https:\/\/parafiadlugakoscielna.pl\/index.php?rest_route=%2Fwp%2Fv2%2Fcategories&post=4888"},{"taxonomy":"post_tag","embeddable":true,"href":"https:\/\/parafiadlugakoscielna.pl\/index.php?rest_route=%2Fwp%2Fv2%2Ftags&post=4888"}],"curies":[{"name":"wp","href":"https:\/\/api.w.org\/{rel}","templated":true}]}}