{"id":5012,"date":"2025-02-02T10:46:16","date_gmt":"2025-02-02T10:46:16","guid":{"rendered":"https:\/\/parafiadlugakoscielna.pl\/?p=5012"},"modified":"2025-02-02T10:46:16","modified_gmt":"2025-02-02T10:46:16","slug":"ofiarowanie-panskie","status":"publish","type":"post","link":"https:\/\/parafiadlugakoscielna.pl\/?p=5012","title":{"rendered":"Ofiarowanie Pa\u0144skie"},"content":{"rendered":"\n<figure class=\"wp-block-image size-full\"><img fetchpriority=\"high\" decoding=\"async\" width=\"280\" height=\"367\" src=\"https:\/\/parafiadlugakoscielna.pl\/wp-content\/uploads\/2025\/02\/ofiarowaniePanskie.jpg\" alt=\"\" class=\"wp-image-5014\" srcset=\"https:\/\/parafiadlugakoscielna.pl\/wp-content\/uploads\/2025\/02\/ofiarowaniePanskie.jpg 280w, https:\/\/parafiadlugakoscielna.pl\/wp-content\/uploads\/2025\/02\/ofiarowaniePanskie-229x300.jpg 229w\" sizes=\"(max-width: 280px) 100vw, 280px\" \/><\/figure>\n\n\n\n<p>Nazwa obchodzonego 2 lutego \u015bwi\u0119ta wywodzi si\u0119 od dw\u00f3ch termin\u00f3w greckich:&nbsp;<em>Hypapante<\/em>&nbsp;oraz&nbsp;<em>Heorte tou Katharismou,<\/em>&nbsp;co oznacza \u015bwi\u0119to spotkania i oczyszczenia. Oba te \u015bwi\u0119ta by\u0142y g\u0142\u0119boko zakorzenione w tradycji Starego Testamentu.<br>Na pami\u0105tk\u0119 ocalenia pierworodnych syn\u00f3w Izraela podczas niewoli egipskiej ka\u017cdy pierworodny syn u \u017byd\u00f3w by\u0142 uwa\u017cany za w\u0142asno\u015b\u0107 Boga. Dlatego czterdziestego dnia po jego urodzeniu nale\u017ca\u0142o zanie\u015b\u0107 syna do \u015bwi\u0105tyni w Jerozolimie, z\u0142o\u017cy\u0107 go w r\u0119ce kap\u0142ana, a nast\u0119pnie wykupi\u0107 za symboliczn\u0105 op\u0142at\u0105 5 sykl\u00f3w. R\u00f3wna\u0142o si\u0119 to zarobkowi 20 dni (1 sykl albo szekel to 4 denary lub drachmy, czyli zap\u0142ata za 4 dni pracy robotnika niewykwalifikowanego). R\u00f3wnocze\u015bnie z obrz\u0119dem ofiarowania i wykupu pierworodnego syna \u0142\u0105czy\u0142a si\u0119 ceremonia oczyszczenia matki dziecka. Z tej okazji matka by\u0142a zobowi\u0105zana z\u0142o\u017cy\u0107 ofiar\u0119 z baranka, a je\u015bli jej na to nie pozwala\u0142o zbyt wielkie ub\u00f3stwo &#8211; przynajmniej ofiar\u0119 z dw\u00f3ch synogarlic lub go\u0142\u0119bi. Fakt, \u017ce Maryja i J\u00f3zef z\u0142o\u017cyli synogarlic\u0119, \u015bwiadczy, \u017ce byli bardzo ubodzy.<\/p>\n\n\n\n<p>\u015awi\u0119to Ofiarowania Pa\u0144skiego przypada czterdziestego dnia po Bo\u017cym Narodzeniu. Jest to pami\u0105tka ofiarowania Pana Jezusa w \u015bwi\u0105tyni jerozolimskiej i dokonania przez Matk\u0119 Bo\u017c\u0105 obrz\u0119du oczyszczenia.<br>Ko\u015bci\u00f3\u0142 wszystkim wa\u017cniejszym wydarzeniom z \u017cycia Chrystusa daje w liturgii szczeg\u00f3lnie uroczysty charakter. \u015awi\u0119to Ofiarowania Pana Jezusa nale\u017cy do najdawniejszych, gdy\u017c by\u0142o obchodzone w Jerozolimie ju\u017c w IV w., a wi\u0119c zaraz po ustaniu prze\u015bladowa\u0144. Dwa wieki p\u00f3\u017aniej pojawi\u0142o si\u0119 r\u00f3wnie\u017c w Ko\u015bciele zachodnim.<br>Tradycyjnie dzisiejszy dzie\u0144 nazywa si\u0119 dniem Matki Bo\u017cej Gromnicznej. W ten spos\u00f3b uwypukla si\u0119 fakt przyniesienia przez Maryj\u0119 ma\u0142ego Jezusa do \u015bwi\u0105tyni. Obchodom towarzyszy\u0142a procesja ze \u015bwiecami. W czasie Ofiarowania starzec Symeon wzi\u0105\u0142 na r\u0119ce swoje Pana Jezusa i wypowiedzia\u0142 prorocze s\u0142owa: &#8222;\u015awiat\u0142o\u015b\u0107 na o\u015bwiecenie pogan i na chwa\u0142\u0119 Izraela&#8221; (\u0141k 2, 32). Wed\u0142ug podania procesja z zapalonymi \u015bwiecami by\u0142a znana w Rzymie ju\u017c w czasach papie\u017ca \u015bw. Gelazego w 492 r. Od X w. upowszechni\u0142 si\u0119 obrz\u0119d po\u015bwi\u0119cania \u015bwiec, kt\u00f3rych p\u0142omie\u0144 symbolizuje Jezusa &#8211; \u015awiat\u0142o\u015b\u0107 \u015bwiata, Chrystusa, kt\u00f3ry ucisza\u0142 burze, by\u0142, jest i na zawsze pozostanie Panem wszystkich praw natury. Momentem najuroczystszym apoteozy Chrystusa jako \u015bwiat\u0142a, kt\u00f3ry o\u015bwieca narody, jest podnios\u0142y obrz\u0119d Wigilii Paschalnej &#8211; po\u015bwi\u0119cenie pascha\u0142u i przepi\u0119kny hymn&nbsp;<em>Exultet.<\/em><br>W Ko\u015bciele Wschodnim dzisiejsze \u015bwi\u0119to (nale\u017c\u0105ce do 12 najwa\u017cniejszych \u015bwi\u0105t) nazywane jest Spotkaniem Pa\u0144skim (<em>Hypapante<\/em>), co uwypukla jego wybitnie chrystologiczny charakter. Prawos\u0142awie zachowa\u0142o r\u00f3wnie\u017c, przej\u0119ty z religii moj\u017ceszowej, zwyczaj oczyszczenia matki po urodzeniu dziecka &#8211; po up\u0142ywie 40 dni od porodu (czyli po okresie po\u0142ogu) matka po raz pierwszy przychodzi do cerkwi, by w pe\u0142ni uczestniczy\u0107 w Eucharystii. \u015alad tej tradycji by\u0142 kultywowany w Ko\u015bciele przedsoborowym &#8211; matka przychodzi\u0142a &#8222;do wywodu&#8221; i otrzymywa\u0142a specjalne b\u0142ogos\u0142awie\u0144stwo; by\u0142o to praktykowane zazwyczaj w dniu chrztu dziecka i &#8211; tak jak w\u00f3wczas tak\u017ce chrzest &#8211; poza Msz\u0105 \u015bw. Zwyczaj ten opisa\u0142 Reymont w &#8222;Ch\u0142opach&#8221;.<br>W Polsce \u015bwi\u0119to Ofiarowania Pana Jezusa ma nadal charakter wybitnie maryjny (do czas\u00f3w posoborowej reformy Msza\u0142u w 1969 r. \u015bwi\u0119to to nosi\u0142o nazw\u0119 &#8222;Oczyszczenia Maryi Panny&#8221; &#8211; &#8222;In purificatione Beatae Mariae Virginis&#8221;). Polacy widz\u0105 w Maryi T\u0119, kt\u00f3ra sprowadzi\u0142a na ziemi\u0119 niebia\u0144skie \u015awiat\u0142o i kt\u00f3ra nas tym \u015awiat\u0142em broni i os\u0142ania od wszelkiego z\u0142a. Dlatego cz\u0119sto brano do r\u0119ki gromnice, zw\u0142aszcza w niebezpiecze\u0144stwach wielkich kl\u0119sk i gro\u017c\u0105cej \u015bmierci. Niegdy\u015b wielkim wrogiem dom\u00f3w w Polsce by\u0142y burze, a zw\u0142aszcza pioruny, kt\u00f3re zapala\u0142y i niszczy\u0142y domostwa, przewa\u017cnie w\u00f3wczas drewniane. W\u0142a\u015bnie od nich mia\u0142a strzec domy \u015bwieca po\u015bwi\u0119cona w \u015bwi\u0119to Ofiarowania Chrystusa. Zwykle by\u0142a ona pi\u0119knie przystrajana i malowana. W czasie burzy zapalano j\u0105 i stawiano w oknach, by prosi\u0107 Maryj\u0119 o ochron\u0119. Gromnic\u0119 wr\u0119czano r\u00f3wnie\u017c konaj\u0105cym, aby ochroni\u0107 ich przed napa\u015bci\u0105 z\u0142ych duch\u00f3w.<br>Ze \u015bwi\u0119tem Matki Bo\u017cej Gromnicznej ko\u0144czy si\u0119 w Polsce okres \u015bpiewania kol\u0119d, trzymania \u017c\u0142\u00f3bk\u00f3w i choinek &#8211; ko\u0144czy si\u0119 tradycyjny (a nie liturgiczny &#8211; ten sko\u0144czy\u0142 si\u0119 \u015bwi\u0119tem Chrztu Pa\u0144skiego) okres Bo\u017cego Narodzenia. Dzisiejsze \u015bwi\u0119to zamyka wi\u0119c cykl uroczysto\u015bci zwi\u0105zanych z objawieniem si\u0119 \u015bwiatu S\u0142owa Wcielonego. Liturgia po raz ostatni w tym roku ukazuje nam Chrystusa-Dzieci\u0119.<\/p>\n\n\n\n<p>Od 1997 r. 2 lutego Ko\u015bci\u00f3\u0142 powszechny obchodzi ustanowiony przez \u015bw. Jana Paw\u0142a II\u00a0<strong>Dzie\u0144 \u017bycia Konsekrowanego,<\/strong>\u00a0po\u015bwi\u0119cony modlitwie za osoby, kt\u00f3re odda\u0142y swoje \u017cycie na s\u0142u\u017cb\u0119 Bogu i ludziom w niezliczonych zakonach, zgromadzeniach zakonnych, stowarzyszeniach \u017cycia apostolskiego i instytutach \u015bwieckich. Pami\u0119tajmy o nich w podczas naszej dzisiejszej modlitwy na Eucharystii.<\/p>\n\n\n\n<p class=\"has-text-align-right\">\u0179r\u00f3d\u0142o: <a href=\"https:\/\/www.brewiarz.pl\/czytelnia\/swieci\/02-02.php3\">brewiarz.pl<\/a><\/p>\n","protected":false},"excerpt":{"rendered":"<p>Nazwa obchodzonego 2 lutego \u015bwi\u0119ta wywodzi si\u0119 od dw\u00f3ch termin\u00f3w greckich:&nbsp;Hypapante&nbsp;oraz&nbsp;Heorte tou Katharismou,&nbsp;co oznacza \u015bwi\u0119to spotkania i oczyszczenia. Oba te \u015bwi\u0119ta by\u0142y g\u0142\u0119boko zakorzenione w<a href=\"https:\/\/parafiadlugakoscielna.pl\/?p=5012\" class=\"more-link\">View More<\/a><\/p>\n","protected":false},"author":1,"featured_media":0,"comment_status":"closed","ping_status":"","sticky":false,"template":"","format":"standard","meta":{"ngg_post_thumbnail":0,"footnotes":""},"categories":[30],"tags":[],"class_list":["post-5012","post","type-post","status-publish","format-standard","hentry","category-30"],"_links":{"self":[{"href":"https:\/\/parafiadlugakoscielna.pl\/index.php?rest_route=\/wp\/v2\/posts\/5012","targetHints":{"allow":["GET"]}}],"collection":[{"href":"https:\/\/parafiadlugakoscielna.pl\/index.php?rest_route=\/wp\/v2\/posts"}],"about":[{"href":"https:\/\/parafiadlugakoscielna.pl\/index.php?rest_route=\/wp\/v2\/types\/post"}],"author":[{"embeddable":true,"href":"https:\/\/parafiadlugakoscielna.pl\/index.php?rest_route=\/wp\/v2\/users\/1"}],"replies":[{"embeddable":true,"href":"https:\/\/parafiadlugakoscielna.pl\/index.php?rest_route=%2Fwp%2Fv2%2Fcomments&post=5012"}],"version-history":[{"count":1,"href":"https:\/\/parafiadlugakoscielna.pl\/index.php?rest_route=\/wp\/v2\/posts\/5012\/revisions"}],"predecessor-version":[{"id":5015,"href":"https:\/\/parafiadlugakoscielna.pl\/index.php?rest_route=\/wp\/v2\/posts\/5012\/revisions\/5015"}],"wp:attachment":[{"href":"https:\/\/parafiadlugakoscielna.pl\/index.php?rest_route=%2Fwp%2Fv2%2Fmedia&parent=5012"}],"wp:term":[{"taxonomy":"category","embeddable":true,"href":"https:\/\/parafiadlugakoscielna.pl\/index.php?rest_route=%2Fwp%2Fv2%2Fcategories&post=5012"},{"taxonomy":"post_tag","embeddable":true,"href":"https:\/\/parafiadlugakoscielna.pl\/index.php?rest_route=%2Fwp%2Fv2%2Ftags&post=5012"}],"curies":[{"name":"wp","href":"https:\/\/api.w.org\/{rel}","templated":true}]}}