{"id":5047,"date":"2025-02-02T11:11:34","date_gmt":"2025-02-02T11:11:34","guid":{"rendered":"https:\/\/parafiadlugakoscielna.pl\/?p=5047"},"modified":"2025-02-02T11:14:45","modified_gmt":"2025-02-02T11:14:45","slug":"kolednicy-misyjni","status":"publish","type":"post","link":"https:\/\/parafiadlugakoscielna.pl\/?p=5047","title":{"rendered":"Kol\u0119dnicy misyjni"},"content":{"rendered":"\n<p><em>Kol\u0119dnicy Misyjni 2024 &#8211; podsumowanie<\/em><\/p>\n\n\n\n<p><em>Przygotowania do kol\u0119dowania rozpocz\u0119li\u015bmy ju\u017c na pocz\u0105tku&nbsp; grudnia. Najpierw poznali\u015bmy czym jest kol\u0119dowanie misyjne i jaki jest jego cel: w tym roku ofiary zebrane podczas kol\u0119dowania zostan\u0105 przeznaczone na dzie\u0142a misyjne w Demokratycznej Republice Konga. Nast\u0119pnie dowiedzieli\u015bmy si\u0119 wiele ciekawych informacji na temat Demokratycznej Republiki Konga, ogl\u0105dali\u015bmy wywiady z pracuj\u0105cymi tam&nbsp; misjonarzami, a tak\u017ce poznali\u015bmy jak w jednym z lokalnych j\u0119zyk\u00f3w brzmi modlitwa &#8222;Ojcze Nasz&#8221;. Kolejny etap przygotowa\u0144 to podzia\u0142 i nauka r\u00f3l, poniewa\u017c podczas kol\u0119dowania zadaniem ma\u0142ych misjonarzy jest m.in. odegranie scenki. 26 grudnia z rado\u015bci\u0105 wyruszyli\u015bmy ulicami parafii, aby nie\u015b\u0107 rado\u015b\u0107 Bo\u017cego Narodzenia i m\u00f3wi\u0107 o potrzebach dzieci w Afryce. Zostali\u015bmy przyj\u0119ci z wielk\u0105 serdeczno\u015bci\u0105 przez naszych parafian. Z kolei&nbsp; 6 stycznia, w Uroczysto\u015b\u0107 Objawienia Pa\u0144skiego, przedstawili\u015bmy&nbsp; przygotowan\u0105 scenk\u0119 kol\u0119dnicz\u0105 w ko\u015bciele. Wszystkim za \u017cyczliwe przyj\u0119cie kol\u0119dnik\u00f3w, a tak\u017ce okazane wsparcie na rzecz misji sk\u0142adamy serdeczne B\u00f3g zap\u0142a\u0107.&nbsp;<\/em><\/p>\n\n\n\n<p><em>NZAMBE APAMBOLA YO !*<\/em><\/p>\n\n\n\n<p><em>* Niech Wam B\u00f3g b\u0142ogos\u0142awi!<\/em><\/p>\n\n\n\n<p>Zapraszamy do obejrzenie zdj\u0119\u0107<\/p>\n\n\n\n<figure class=\"wp-block-embed is-type-wp-embed is-provider-wi-ta-anna wp-block-embed-wi-ta-anna\"><div class=\"wp-block-embed__wrapper\">\n<blockquote class=\"wp-embedded-content\" data-secret=\"um0eAYUrAW\"><a href=\"https:\/\/parafiadlugakoscielna.pl\/?page_id=5019\">Kol\u0119dnicy misyjni<\/a><\/blockquote><iframe class=\"wp-embedded-content\" sandbox=\"allow-scripts\" security=\"restricted\" style=\"position: absolute; visibility: hidden;\" title=\"&#8222;Kol\u0119dnicy misyjni&#8221; &#8212; \u015awi\u0119ta Anna\" src=\"https:\/\/parafiadlugakoscielna.pl\/?page_id=5019&#038;embed=true#?secret=ZPGSi9FfEi#?secret=um0eAYUrAW\" data-secret=\"um0eAYUrAW\" width=\"600\" height=\"338\" frameborder=\"0\" marginwidth=\"0\" marginheight=\"0\" scrolling=\"no\"><\/iframe>\n<\/div><\/figure>\n","protected":false},"excerpt":{"rendered":"<p>Kol\u0119dnicy Misyjni 2024 &#8211; podsumowanie Przygotowania do kol\u0119dowania rozpocz\u0119li\u015bmy ju\u017c na pocz\u0105tku&nbsp; grudnia. Najpierw poznali\u015bmy czym jest kol\u0119dowanie misyjne i jaki jest jego cel: w<a href=\"https:\/\/parafiadlugakoscielna.pl\/?p=5047\" class=\"more-link\">View More<\/a><\/p>\n","protected":false},"author":1,"featured_media":5021,"comment_status":"closed","ping_status":"","sticky":false,"template":"","format":"standard","meta":{"ngg_post_thumbnail":0,"footnotes":""},"categories":[30],"tags":[],"class_list":["post-5047","post","type-post","status-publish","format-standard","has-post-thumbnail","hentry","category-30"],"_links":{"self":[{"href":"https:\/\/parafiadlugakoscielna.pl\/index.php?rest_route=\/wp\/v2\/posts\/5047","targetHints":{"allow":["GET"]}}],"collection":[{"href":"https:\/\/parafiadlugakoscielna.pl\/index.php?rest_route=\/wp\/v2\/posts"}],"about":[{"href":"https:\/\/parafiadlugakoscielna.pl\/index.php?rest_route=\/wp\/v2\/types\/post"}],"author":[{"embeddable":true,"href":"https:\/\/parafiadlugakoscielna.pl\/index.php?rest_route=\/wp\/v2\/users\/1"}],"replies":[{"embeddable":true,"href":"https:\/\/parafiadlugakoscielna.pl\/index.php?rest_route=%2Fwp%2Fv2%2Fcomments&post=5047"}],"version-history":[{"count":1,"href":"https:\/\/parafiadlugakoscielna.pl\/index.php?rest_route=\/wp\/v2\/posts\/5047\/revisions"}],"predecessor-version":[{"id":5048,"href":"https:\/\/parafiadlugakoscielna.pl\/index.php?rest_route=\/wp\/v2\/posts\/5047\/revisions\/5048"}],"wp:featuredmedia":[{"embeddable":true,"href":"https:\/\/parafiadlugakoscielna.pl\/index.php?rest_route=\/wp\/v2\/media\/5021"}],"wp:attachment":[{"href":"https:\/\/parafiadlugakoscielna.pl\/index.php?rest_route=%2Fwp%2Fv2%2Fmedia&parent=5047"}],"wp:term":[{"taxonomy":"category","embeddable":true,"href":"https:\/\/parafiadlugakoscielna.pl\/index.php?rest_route=%2Fwp%2Fv2%2Fcategories&post=5047"},{"taxonomy":"post_tag","embeddable":true,"href":"https:\/\/parafiadlugakoscielna.pl\/index.php?rest_route=%2Fwp%2Fv2%2Ftags&post=5047"}],"curies":[{"name":"wp","href":"https:\/\/api.w.org\/{rel}","templated":true}]}}