{"id":5055,"date":"2025-02-09T17:35:12","date_gmt":"2025-02-09T17:35:12","guid":{"rendered":"https:\/\/parafiadlugakoscielna.pl\/?p=5055"},"modified":"2025-02-09T17:35:12","modified_gmt":"2025-02-09T17:35:12","slug":"seminarium-odnowy-wiary-zaproszenie","status":"publish","type":"post","link":"https:\/\/parafiadlugakoscielna.pl\/?p=5055","title":{"rendered":"Seminarium Odnowy Wiary &#8211; zaproszenie"},"content":{"rendered":"\n<p><strong>Termin:<\/strong>\u00a01.03 \u2013 26.04. 2025r. (8 sob\u00f3t)<br>Rozpocz\u0119cie 1.03.2025 r. Msz\u0105 \u015bw. o godz. 18.00 w katedrze.<br>Spotkania w ka\u017cd\u0105 sobot\u0119 o 19.00.<\/p>\n\n\n\n<p>W celu zapisu wystarczy przyj\u015b\u0107 na pierwsze spotkanie.<\/p>\n\n\n\n<p><strong>Miejsce:<\/strong>&nbsp;Kaplica przy Parafii Katedralnej \u015bw. Micha\u0142a i \u015bw. Floriana,<br>ul. Floria\u0144ska 3, Warszawa.<\/p>\n\n\n\n<p><strong>Prowadzenie:<\/strong>&nbsp;ks. Jakub Kowalczyk i Diakonia Modlitwy Ruchu \u015awiat\u0142o-\u017bycie<\/p>\n\n\n\n<p><em>Stw\u00f3rz, o Bo\u017ce we mnie serce czyste i odn\u00f3w we mnie moc Ducha.<\/em><br>(Ps 51, 12)<\/p>\n\n\n\n<p><strong>Czym jest Seminarium Odnowy Wiary?<\/strong><\/p>\n\n\n\n<ul class=\"wp-block-list\">\n<li>To swoista szko\u0142a modlitwy, formacji wewn\u0119trznej oraz \u017cycia w mocy Ducha \u015awi\u0119tego.\u00a0<\/li>\n\n\n\n<li>Uczestnicy Seminarium zaproszeni s\u0105 do codziennej, indywidualnej modlitwy z Pismem \u015awi\u0119tym w domu. Owocami tej modlitwy dziel\u0105 si\u0119 podczas cotygodniowych spotka\u0144 w ma\u0142ych grupach.<\/li>\n\n\n\n<li>Ka\u017cdy tydzie\u0144 ma okre\u015blony temat, dotykaj\u0105cy najwa\u017cniejszych kwestii \u017cycia duchowego, m.in. mi\u0142o\u015bci Bo\u017cej, grzechu i nawr\u00f3cenia, osobistej relacji z Bogiem, dzia\u0142ania Ducha \u015awi\u0119tego.<\/li>\n\n\n\n<li>Ca\u0142o\u015b\u0107 rekolekcji wie\u0144czy modlitwa o przyj\u0119cie dar\u00f3w Ducha \u015awi\u0119tego.<\/li>\n\n\n\n<li>Seminarium odbywa si\u0119 co tydzie\u0144, w sobot\u0119 wieczorem, a spotkanie obejmuje: wsp\u00f3ln\u0105 modlitw\u0119, konferencj\u0119 wprowadzaj\u0105c\u0105 w temat tygodnia oraz\u00a0spotkanie w grupach.\u00a0\u00a0<\/li>\n\n\n\n<li>Rekolekcje przeznaczone s\u0105 dla os\u00f3b doros\u0142ych, niezale\u017cnie od dotychczasowej formacji oraz przynale\u017cno\u015bci do wsp\u00f3lnot czy ruch\u00f3w.<\/li>\n<\/ul>\n\n\n\n<p class=\"has-text-align-right\">Diakonia Modlitwy Ruchu \u015awiat\u0142o-\u017bycie<\/p>\n\n\n\n<p><\/p>\n","protected":false},"excerpt":{"rendered":"<p>Termin:\u00a01.03 \u2013 26.04. 2025r. (8 sob\u00f3t)Rozpocz\u0119cie 1.03.2025 r. Msz\u0105 \u015bw. o godz. 18.00 w katedrze.Spotkania w ka\u017cd\u0105 sobot\u0119 o 19.00. W celu zapisu wystarczy przyj\u015b\u0107<a href=\"https:\/\/parafiadlugakoscielna.pl\/?p=5055\" class=\"more-link\">View More<\/a><\/p>\n","protected":false},"author":1,"featured_media":0,"comment_status":"closed","ping_status":"","sticky":false,"template":"","format":"standard","meta":{"ngg_post_thumbnail":0,"footnotes":""},"categories":[30],"tags":[],"class_list":["post-5055","post","type-post","status-publish","format-standard","hentry","category-30"],"_links":{"self":[{"href":"https:\/\/parafiadlugakoscielna.pl\/index.php?rest_route=\/wp\/v2\/posts\/5055","targetHints":{"allow":["GET"]}}],"collection":[{"href":"https:\/\/parafiadlugakoscielna.pl\/index.php?rest_route=\/wp\/v2\/posts"}],"about":[{"href":"https:\/\/parafiadlugakoscielna.pl\/index.php?rest_route=\/wp\/v2\/types\/post"}],"author":[{"embeddable":true,"href":"https:\/\/parafiadlugakoscielna.pl\/index.php?rest_route=\/wp\/v2\/users\/1"}],"replies":[{"embeddable":true,"href":"https:\/\/parafiadlugakoscielna.pl\/index.php?rest_route=%2Fwp%2Fv2%2Fcomments&post=5055"}],"version-history":[{"count":1,"href":"https:\/\/parafiadlugakoscielna.pl\/index.php?rest_route=\/wp\/v2\/posts\/5055\/revisions"}],"predecessor-version":[{"id":5056,"href":"https:\/\/parafiadlugakoscielna.pl\/index.php?rest_route=\/wp\/v2\/posts\/5055\/revisions\/5056"}],"wp:attachment":[{"href":"https:\/\/parafiadlugakoscielna.pl\/index.php?rest_route=%2Fwp%2Fv2%2Fmedia&parent=5055"}],"wp:term":[{"taxonomy":"category","embeddable":true,"href":"https:\/\/parafiadlugakoscielna.pl\/index.php?rest_route=%2Fwp%2Fv2%2Fcategories&post=5055"},{"taxonomy":"post_tag","embeddable":true,"href":"https:\/\/parafiadlugakoscielna.pl\/index.php?rest_route=%2Fwp%2Fv2%2Ftags&post=5055"}],"curies":[{"name":"wp","href":"https:\/\/api.w.org\/{rel}","templated":true}]}}