{"id":5128,"date":"2025-03-30T10:00:23","date_gmt":"2025-03-30T10:00:23","guid":{"rendered":"https:\/\/parafiadlugakoscielna.pl\/?p=5128"},"modified":"2025-03-30T10:00:23","modified_gmt":"2025-03-30T10:00:23","slug":"33-rocznica-erygowania-diecezji-warszawsko-praskiej","status":"publish","type":"post","link":"https:\/\/parafiadlugakoscielna.pl\/?p=5128","title":{"rendered":"33. rocznica erygowania diecezji warszawsko-praskiej"},"content":{"rendered":"\n<p><strong>25 marca w Uroczysto\u015b\u0107 Zwiastowania Pa\u0144skiego w katedrze warszawsko-praskiej sprawowana by\u0142a Msza \u015awi\u0119ta w 33. rocznic\u0119 powstania diecezji warszawsko-praskiej. Podczas modlitwy przyrzeczenia cz\u0142onkowskie z\u0142o\u017cyli m\u0142odzi z Katolickiego Stowarzyszenia M\u0142odzie\u017cy.<\/strong><\/p>\n\n\n\n<p>Eucharystii przewodniczy\u0142 biskup Romuald Kami\u0144ski, kt\u00f3ry w homilii przypomnia\u0142 dzie\u0144 oficjalnego og\u0142oszenia powstania nowej diecezji na mapie Ko\u015bcio\u0142a polskiego:<\/p>\n\n\n\n<blockquote class=\"wp-block-quote is-layout-flow wp-block-quote-is-layout-flow\">\n<p>Niby tak niedawno, a w zasadzie ju\u017c drugie pokolenie jest na \u015bwiecie, kt\u00f3re nie pami\u0119ta tamtego wydarzenia. By\u0142 te\u017c pi\u0119kny, s\u0142oneczny dzie\u0144. Rano troch\u0119 pada\u0142o, ale dzie\u0144 by\u0142 ciep\u0142y, a ko\u0142o po\u0142udnia \u015bwieci\u0142o pe\u0142ne s\u0142o\u0144ce. Na Miodowej. dokonywa\u0142y si\u0119 ostatnie prace przy przygotowywaniu dokument\u00f3w, aby rozdzieli\u0107 na dwie nowe diecezje, kt\u00f3re wy\u0142ania\u0142y si\u0119 z wielkiej archidiecezji warszawskiej. Wtedy nie mieli\u015bmy jeszcze takiej wyobra\u017ani, jak to b\u0119dzie, ale czuli\u015bmy, \u017ce idzie nowe. Nie ja sam jestem tutaj, w tej wsp\u00f3lnocie \u015bwiadkiem, bo jest wi\u0119cej os\u00f3b, ale m\u00f3wi\u0119 w tym momencie za siebie \u2013 warto, po stokro\u0107 warto by\u0142o dokona\u0107 tego, co si\u0119 dokona\u0142o. Powsta\u0142y nowe, mniejsze, bardziej ogarni\u0119te wsp\u00f3lnoty i oczywi\u015bcie w ka\u017cdej takiej rzeczy nie sam podzia\u0142, nie same decyzje skre\u015blone na papierze decyduj\u0105, ale wsp\u00f3\u0142praca cz\u0142owieka z \u0142ask\u0105 Bo\u017c\u0105.<\/p>\n<\/blockquote>\n\n\n\n<p>Biskup zwr\u00f3ci\u0142 si\u0119 do m\u0142odych z KSM:<\/p>\n\n\n\n<blockquote class=\"wp-block-quote is-layout-flow wp-block-quote-is-layout-flow\">\n<p>Bardzo wielkim darem dla dzisiejszego pokolenia jeste\u015bcie wy m\u0142odzi, kt\u00f3rzy przyznajecie si\u0119 do Pana Jezusa. Do was b\u0119dzie nale\u017ca\u0142o kszta\u0142towanie obrazu dzisiejszego pokolenia. Wszyscy jeste\u015bmy gotowi wam pomaga\u0107, ale od was zale\u017cy bardzo wiele, wi\u0119c prosimy dzisiaj, aby B\u00f3g umacnia\u0142 wasz\u0105 wiar\u0119 i wasz pok\u00f3j serca i wasz\u0105 rado\u015b\u0107 z tego, \u017ce na swojej drodze rozpoznali\u015bcie Pana Jezusa. B\u0105d\u017acie z Nim nieustannie i cieszcie si\u0119, \u017ce otrzymali\u015bcie taki dar poznania i umi\u0142owania Zbawiciela.<\/p>\n<\/blockquote>\n\n\n\n<p><\/p>\n\n\n\n<p>Na zako\u0144czenie odm\u00f3wiono Akt Zawierzenia Diecezji Warszawsko-Praskiej Mi\u0142osierdziu Bo\u017cemu, a grupa os\u00f3b podj\u0119\u0142a si\u0119 duchowej adopcji dziecka pocz\u0119tego.<\/p>\n\n\n\n<p>Diecezja warszawsko-praska powsta\u0142a 25 marca 1992 roku na mocy bulli papie\u017ca Jana Paw\u0142a II Totus Tuus Poloniae Populus reorganizuj\u0105cej struktury ko\u015bcielne w&nbsp;Polsce.<\/p>\n\n\n\n<p class=\"has-text-align-right\">\u0179r\u00f3d\u0142o: <a href=\"https:\/\/diecezja.waw.pl\/33-rocznica-erygowania-diecezji-warszawsko-praskiej\/\" target=\"_blank\" rel=\"noreferrer noopener\">Diecezja Warszawsko-Praska<\/a><\/p>\n","protected":false},"excerpt":{"rendered":"<p>25 marca w Uroczysto\u015b\u0107 Zwiastowania Pa\u0144skiego w katedrze warszawsko-praskiej sprawowana by\u0142a Msza \u015awi\u0119ta w 33. rocznic\u0119 powstania diecezji warszawsko-praskiej. Podczas modlitwy przyrzeczenia cz\u0142onkowskie z\u0142o\u017cyli m\u0142odzi<a href=\"https:\/\/parafiadlugakoscielna.pl\/?p=5128\" class=\"more-link\">View More<\/a><\/p>\n","protected":false},"author":1,"featured_media":0,"comment_status":"closed","ping_status":"","sticky":false,"template":"","format":"standard","meta":{"ngg_post_thumbnail":0,"footnotes":""},"categories":[30],"tags":[],"class_list":["post-5128","post","type-post","status-publish","format-standard","hentry","category-30"],"_links":{"self":[{"href":"https:\/\/parafiadlugakoscielna.pl\/index.php?rest_route=\/wp\/v2\/posts\/5128","targetHints":{"allow":["GET"]}}],"collection":[{"href":"https:\/\/parafiadlugakoscielna.pl\/index.php?rest_route=\/wp\/v2\/posts"}],"about":[{"href":"https:\/\/parafiadlugakoscielna.pl\/index.php?rest_route=\/wp\/v2\/types\/post"}],"author":[{"embeddable":true,"href":"https:\/\/parafiadlugakoscielna.pl\/index.php?rest_route=\/wp\/v2\/users\/1"}],"replies":[{"embeddable":true,"href":"https:\/\/parafiadlugakoscielna.pl\/index.php?rest_route=%2Fwp%2Fv2%2Fcomments&post=5128"}],"version-history":[{"count":1,"href":"https:\/\/parafiadlugakoscielna.pl\/index.php?rest_route=\/wp\/v2\/posts\/5128\/revisions"}],"predecessor-version":[{"id":5129,"href":"https:\/\/parafiadlugakoscielna.pl\/index.php?rest_route=\/wp\/v2\/posts\/5128\/revisions\/5129"}],"wp:attachment":[{"href":"https:\/\/parafiadlugakoscielna.pl\/index.php?rest_route=%2Fwp%2Fv2%2Fmedia&parent=5128"}],"wp:term":[{"taxonomy":"category","embeddable":true,"href":"https:\/\/parafiadlugakoscielna.pl\/index.php?rest_route=%2Fwp%2Fv2%2Fcategories&post=5128"},{"taxonomy":"post_tag","embeddable":true,"href":"https:\/\/parafiadlugakoscielna.pl\/index.php?rest_route=%2Fwp%2Fv2%2Ftags&post=5128"}],"curies":[{"name":"wp","href":"https:\/\/api.w.org\/{rel}","templated":true}]}}