{"id":5153,"date":"2025-04-13T10:39:56","date_gmt":"2025-04-13T10:39:56","guid":{"rendered":"https:\/\/parafiadlugakoscielna.pl\/?p=5153"},"modified":"2025-04-13T10:39:56","modified_gmt":"2025-04-13T10:39:56","slug":"jak-przezywac-wielki-tydzien","status":"publish","type":"post","link":"https:\/\/parafiadlugakoscielna.pl\/?p=5153","title":{"rendered":"Jak prze\u017cywa\u0107 Wielki Tydzie\u0144?"},"content":{"rendered":"\n<p>Przed nami wyj\u0105tkowy czas &#8211; Wielki Tydzie\u0144. G\u0142\u0119bokie prze\u017cycie i zrozumienie Wielkiego Tygodnia pozwala odkry\u0107 sens \u017cycia, odzyska\u0107 nadziej\u0119 i wiar\u0119. Same \u015awi\u0119ta Wielkanocne, bez prawdziwego prze\u017cycia poprzedzaj\u0105cych je dni, nie stan\u0105 si\u0119 dla nas czasem przej\u015bcia ze \u015bmierci do \u017cycia, nie zrozumiemy wielkiej Mi\u0142o\u015bci Boga do ka\u017cdego z nas. Wiele rodzin polskich prze\u017cywa \u015awi\u0119ta Wielkanocne, zubo\u017caj\u0105c ich tre\u015b\u0107. W Wielkim Tygodniu robi si\u0119 porz\u0105dki i zakupy &#8211; jest to jeden z koszmarniejszych i najbardziej zaganianych tygodni w roku, cz\u0119sto brak czasu i si\u0142 nawet na p\u00f3j\u015bcie do ko\u015bcio\u0142a w Wielki Czwartek i w Wielki Pi\u0105tek. Nie pozw\u00f3lmy, by tak sta\u0142o si\u0119 w naszych rodzinach.<\/p>\n\n\n\n<h2 class=\"wp-block-heading\" id=\"toc-0\">Niedziela Palmowa<\/h2>\n\n\n\n<p>Wielki Tydzie\u0144 otwiera Niedziela Palmowa. Nazwa tego dnia pochodzi od wprowadzonego w XI w. zwyczaju \u015bwi\u0119cenia palm &#8211; liturgia bowiem wspomina uroczysty wjazd Jezusa do Jerozolimy, bezpo\u015brednio poprzedzaj\u0105cy Jego M\u0119k\u0119 i \u015amier\u0107 na Krzy\u017cu. Witaj\u0105ce go t\u0142umy rzuca\u0142y na drog\u0119 p\u0142aszcze oraz ga\u0142\u0105zki, wo\u0142aj\u0105c: \u201eHosanna Synowi Dawidowemu\u201d.<br>Palmy w Polsce zast\u0119puj\u0105 cz\u0119sto ga\u0142\u0105zki wierzbowe z baziami. Po ich po\u015bwi\u0119ceniu zatyka si\u0119 je za krzy\u017ce i obrazy, by strzeg\u0142y domu od nieszcz\u0119\u015b\u0107 i zapewnia\u0142y b\u0142ogos\u0142awie\u0144stwo Bo\u017ce. Jak wspomina pani Krystyna Kolbuszowska z Trzebnicy, tradycje Niedziel Palmowej s\u0105 bardzo bogate: &#8211; Pami\u0119tam, jak uroczy\u015bcie prze\u017cywano Niedziel\u0119 Palmow\u0105 na Kresach. Tato, po porannej Mszy \u015bw. i po po\u015bwi\u0119ceniu przygotowanych przez nas palm, szed\u0142 na pola i wtyka\u0142 ga\u0142\u0105zki w ziemi\u0119, by Pan B\u00f3g strzeg\u0142 zasiew\u00f3w i plon\u00f3w przed gradem, susz\u0105 i nadmiernym deszczem. Mama zatyka\u0142a je te\u017c za wszystkie \u015bwi\u0119te obrazy w domu, by zapewnia\u0142y b\u0142ogos\u0142awie\u0144stwo Bo\u017ce. Potem by\u0142 uroczysty obiad i wsp\u00f3lne czytanie Pisma \u015awi\u0119tego. Rodzice t\u0142umaczyli mnie i mojemu rodze\u0144stwu, \u017ce zacz\u0105\u0142 si\u0119 najwa\u017cniejszy tydzie\u0144 w roku, \u017ce przed nami wielkie \u015bwi\u0119ta. Wielka szkoda, \u017ce dzi\u015b te tradycje zanikaj\u0105, chocia\u017c wiem, \u017ce na Dolnym \u015al\u0105sku s\u0105 jeszcze rodziny, szczeg\u00f3lnie te z kresowymi korzeniami, kt\u00f3re staraj\u0105 si\u0119 je kultywowa\u0107.<\/p>\n\n\n\n<h2 class=\"wp-block-heading\" id=\"toc-1\">Wielki Poniedzia\u0142ek<\/h2>\n\n\n\n<p>Poniedzia\u0142ek, wtorek i \u015broda Wielkiego Tygodnia s\u0105 dniami szczeg\u00f3lnie po\u015bwi\u0119conymi sakramentowi pojednania &#8211; nie wyr\u00f3\u017cniaj\u0105 si\u0119 niczym, je\u015bli chodzi o liturgi\u0119. Warto wi\u0119c, je\u017celi kto\u015b nie zrobi\u0142 tego do tej pory, uda\u0107 si\u0119 wtedy do konfesjona\u0142u, by oczy\u015bci\u0107 serce. &#8211; Nie zostawiajmy spowiedzi na ostatni\u0105 chwil\u0119 &#8211; przekonuje ks. inf. Adam Drwi\u0119ga, proboszcz wroc\u0142awskiej katedry. &#8211; Jak najwcze\u015bniej skorzystajmy z sakramentu pokuty w naszych parafiach. Kiedy wierni spowiadaj\u0105 si\u0119 w czasie Triduum Paschalnego, nie maj\u0105 szans na g\u0142\u0119bokie prze\u017cycie tych wyj\u0105tkowych liturgii. Stoj\u0105 w d\u0142ugich kolejkach, nie skupiaj\u0105 si\u0119 na celebracji, nie wchodz\u0105 w ten szczeg\u00f3lny czas. A naprawd\u0119 inaczej si\u0119 prze\u017cywa \u015awi\u0119ta, kiedy Chrystus Zmartwychwsta\u0142y jest w nas.<\/p>\n\n\n\n<h2 class=\"wp-block-heading\" id=\"toc-2\">Wielki Wtorek<\/h2>\n\n\n\n<p>Dla niekt\u00f3rych Wielki Wtorek niczym nie r\u00f3\u017cni si\u0119 od pozosta\u0142ych dni w roku, ale s\u0105 osoby, takie jak psycholog El\u017cbieta \u0141ozi\u0144ska, dla kt\u00f3rych to czas wyj\u0105tkowy: &#8211; Jak sama nazwa wskazuje Wielki Tydzie\u0144 obejmuje siedem dni, nie tylko Triduum Paschalne. Dlatego u nas \u015awi\u0119ta rozpoczynaj\u0105 si\u0119 od pocz\u0105tku tygodnia. Skupiamy si\u0119 na modlitwie, na rozmowach, dobrej lekturze. To dla czas przygotowania, nie tylko domu, sto\u0142u, potraw, ale przede wszystkim czas przygotowania naszych serc na przyj\u015bcie Chrystusa. Staramy si\u0119 wycisza\u0107, nie s\u0142ucha\u0107 radia czy innych medi\u00f3w, dzieciom opowiadamy o Triduum Paschalnym, o Wielkanocy. Przygotowujemy dla nich specjaln\u0105 lektur\u0119 &#8211; w tym roku b\u0119dzie nam w Wielkim Tygodniu towarzyszy\u0107 ksi\u0105\u017cka \u201eNa koniec \u015bwiata\u201d, opowiadaj\u0105ca prawdziw\u0105 histori\u0119 Antka, kt\u00f3ry mia\u0142 zaledwie sze\u015b\u0107 lat, kiedy zmar\u0142 na chorob\u0119 nowotworow\u0105. Antek odszed\u0142 w trakcie Oktawy Wielkanocnej. Towarzyszy\u0142 Jezusowi w Jego cierpieniu i \u015bmierci, wzi\u0105\u0142 udzia\u0142 r\u00f3wnie\u017c w Jego Zmartwychwstaniu.<\/p>\n\n\n\n<h2 class=\"wp-block-heading\" id=\"toc-3\">Wielka \u015aroda<\/h2>\n\n\n\n<p>Warto tak roz\u0142o\u017cy\u0107 swoje obowi\u0105zki, by w Wielk\u0105 \u015arod\u0119 nie zajmowa\u0107 si\u0119 ju\u017c porz\u0105dkami i nie biega\u0107 po sklepach, ale przygotowywa\u0107 si\u0119 do g\u0142\u0119bokiego wej\u015bcia w Triduum Paschalne. Dla Barbary Nonckiewicz, mamy si\u00f3demki dzieci, Wielka \u015aroda to czas skupienia i wyciszenia: &#8211; Zawsze tak rozplanowywa\u0142am obowi\u0105zki, by na Wielk\u0105 \u015arod\u0119 zosta\u0142y ju\u017c tylko niezb\u0119dne rzeczy do zrobienia. W ten dzie\u0144 ca\u0142\u0105 rodzin\u0105 staramy si\u0119 po\u015bci\u0107 i wycisza\u0107 przed wielk\u0105 tajemnic\u0105 Triduum Paschalnego. To dobry czas, by wyt\u0142umaczy\u0107 dzieciom znaczenie nast\u0119pnych dni, by przygotowa\u0107 je do udzia\u0142u w obchodach \u015bwi\u0105tecznych. Wielka \u015aroda to taki ostatni dzwonek wzywaj\u0105cy do skupienia si\u0119 na tym, co naprawd\u0119 wa\u017cne.<\/p>\n\n\n\n<h2 class=\"wp-block-heading\" id=\"toc-4\">Wielki Czwartek<\/h2>\n\n\n\n<p>Zupe\u0142nie inaczej prze\u017cywa si\u0119 Poranek Wielkanocny, gdy poprzedzi\u0142o go uczestnictwo w liturgii Triduum Paschalnego. To dla chrze\u015bcijanina najwa\u017cniejsze dni w roku. W Wielki Czwartek obchodzimy \u015bwi\u0119to kap\u0142an\u00f3w, poniewa\u017c w tym dniu w czasie Ostatniej Wieczerzy zosta\u0142 ustanowiony sakrament kap\u0142a\u0144stwa oraz sakrament Eucharystii. Warto te wszystkie wa\u017cne rzeczy wyja\u015bnia\u0107 naszym dzieciom: &#8211; Przed p\u00f3j\u015bciem na wieczorn\u0105 Msz\u0119 \u015bw. rozmawiamy z naszym pi\u0119cioletnim synkiem Jasiem i opowiadamy, \u017ce ksi\u0105dz b\u0119dzie ubrany na bia\u0142o, poniewa\u017c jest to dzie\u0144 ustanowienia Naj\u015bwi\u0119tszego Sakramentu oraz sakramentu kap\u0142a\u0144stwa &#8211; m\u00f3wi Katarzyna Stasiak z Ole\u015bnicy. &#8211; Razem z m\u0119\u017cem staramy si\u0119 mu wyja\u015bni\u0107, co sta\u0142o si\u0119 w Wieczerniku w czasie Ostatniej Wieczerzy i \u017ce to na t\u0119 pami\u0105tk\u0119 odprawia si\u0119 dzi\u015b w ko\u015bciele Msz\u0119 \u015bw. Zostajemy r\u00f3wnie\u017c przez chwil\u0119 przy o\u0142tarzu adoracji, by Jasiu m\u00f3g\u0142 z bliska zobaczy\u0107 Pana Jezusa w Naj\u015bwi\u0119tszym Sakramencie. To dla nas i dla naszego synka wiecz\u00f3r w ko\u015bciele pe\u0142en wra\u017ce\u0144 i g\u0142\u0119bokich prze\u017cy\u0107.<\/p>\n\n\n\n<h2 class=\"wp-block-heading\" id=\"toc-5\">Wielki Pi\u0105tek<\/h2>\n\n\n\n<p>Dzie\u0144 M\u0119ki i \u015amierci Chrystusa. Niech w tym dniu b\u0119dzie w naszym domu cisza pozwalaj\u0105ca prze\u017cy\u0107 Misterium M\u0119ki i \u015amierci Jezusa. O godzinie 15.00, godzinie \u015bmierci Pana Jezusa, ukl\u0119knijmy z rodzin\u0105, by si\u0119 wsp\u00f3lnie pomodli\u0107 &#8211; mo\u017ce to w\u0142a\u015bnie b\u0119dzie najodpowiedniejszy moment, aby przed\u0142o\u017cy\u0107 Bogu najwi\u0119ksz\u0105 pro\u015bb\u0119 rodziny. Postarajmy si\u0119 w domu w centralnym miejscu wyeksponowa\u0107 krzy\u017c na bia\u0142ym obrusie. Warto tego dnia wy\u0142\u0105czy\u0107 radioodbiorniki, telewizory czy komputery. Obowi\u0105zuje post \u015bcis\u0142y, a wi\u0119c nie tylko jako\u015bciowy, ale i ilo\u015bciowy. Je\u017celi jest to mo\u017cliwe, we\u017amy tego dnia udzia\u0142 w parafialnej Drodze Krzy\u017cowej. Wieczorem gromadzimy si\u0119 na liturgii wielkopi\u0105tkowej &#8211; jest ona d\u0142uga, ale bardzo bogata i pi\u0119kna: Liturgia S\u0142owa poprzedzona procesj\u0105 i le\u017ceniem krzy\u017cem przez kap\u0142an\u00f3w przed obna\u017conym o\u0142tarzem, uroczysta adoracja krzy\u017ca, komunia i procesjonalnie przeniesienie Naj\u015bwi\u0119tszego Sakramentu do Grobu Pa\u0144skiego. Pami\u0119tajmy, by uda\u0107 si\u0119 na adoracj\u0119 Grobu Pa\u0144skiego. To wielkopostne pielgrzymowanie ma swoje korzenie w Jerozolimie, gdzie gromadzono si\u0119 w miejscach M\u0119ki Chrystusa, aby Mu duchowo towarzyszy\u0107 od Wieczernika i G\u00f3ry Oliwnej, a\u017c do miejsca jego Grobu. W Polsce ten zwyczaj jest piel\u0119gnowany od XIV w.<\/p>\n\n\n\n<h2 class=\"wp-block-heading\" id=\"toc-6\">Wielka Sobota<\/h2>\n\n\n\n<p>Jest dniem spoczynku Pana Jezusa w Grobie. To nie dzie\u0144 \u017ca\u0142oby, ale powinien by\u0107 wype\u0142niony zadum\u0105 nad cudem Zmartwychwstania. To w\u0142a\u015bnie dzisiaj jest tak ukochane przez wszystkie dzieci \u015bwi\u0119cenie pokarm\u00f3w. Niestety dzieci, kt\u00f3re s\u0105 przyprowadzane do ko\u015bcio\u0142a tylko raz w roku, w\u0142a\u015bnie z koszyczkiem \u201edo pokropienia\u201d, pytaj\u0105, dlaczego Jezus le\u017cy w grobie i niewiele rozumiej\u0105 z odpowiedzi. &#8211; Poranek Wielkiej Soboty to dla naszych dzieci czas szczeg\u00f3lny &#8211; opowiada pani Barbara. &#8211; Od rana zajmuj\u0105 kuchni\u0119, maluj\u0105 pisanki, przygotowuj\u0105 koszyczek. Potem wielkie mycie, ubieranie i mo\u017cna z dum\u0105 i\u015b\u0107 na \u015bwi\u0119conk\u0119 do ko\u015bcio\u0142a. Wtedy te\u017c nawiedzamy Jezusa w grobie, z nadziej\u0105 w sercu czekaj\u0105c na jutrzejsze Zmartwychwstanie.<br>Po zapadni\u0119ciu zmroku rozpoczynaj\u0105 si\u0119 obchody Wigilii Paschalnej &#8211; jest to najbardziej uroczysty wiecz\u00f3r w roku liturgicznym. Wigilia Paschalna nie jest cz\u0119\u015bci\u0105 Wielkiej Soboty, jej radosna liturgia nale\u017cy ju\u017c do obchod\u00f3w Dnia Zmartwychwstania. Obch\u00f3d Wigilii Paschalnej sk\u0142ada si\u0119 z czterech cz\u0119\u015bci: Liturgii \u015awiat\u0142a, Liturgii S\u0142owa, Liturgii Chrzcielnej i Liturgii Eucharystycznej. W czasie Liturgii \u015awiat\u0142a kap\u0142an przed ko\u015bcio\u0142em po\u015bwi\u0119ca ogie\u0144, odpala pascha\u0142, wnosi uroczy\u015bcie \u015bwiat\u0142o do ciemnego ko\u015bcio\u0142a i \u015bpiewa Or\u0119dzie Paschalne. W drugiej cz\u0119\u015bci s\u0105 czytane fragmenty Pisma \u015awi\u0119tego, w kt\u00f3rych rozwa\u017camy, co B\u00f3g uczyni\u0142 dla nas od pocz\u0105tku \u015bwiata. Podczas Liturgii Chrzcielnej ksi\u0105dz dokonuje po\u015bwi\u0119cenia wody, a wierni odnawiaj\u0105 przyrzeczenia chrzcielne. Odnowieni bior\u0105 udzia\u0142 w Mszy Paschalnej, w czasie kt\u00f3rej zabrzmi\u0105 wszystkie dzwony i dzwonki.<br>Wielki Czwartek, Wielki Pi\u0105tek i Wielka Sobota z Niedziel\u0105 Paschaln\u0105 s\u0105 dniami szczeg\u00f3lnie bogatymi w obchody liturgiczne. Warto w pe\u0142ni z tego bogactwa skorzysta\u0107. Jest to wspania\u0142y dar Ko\u015bcio\u0142a, kt\u00f3ry mo\u017ce ubogaci\u0107 nasz\u0105 rodzin\u0119 i zbli\u017cy nas do Chrystusa. Dzi\u0119ki g\u0142\u0119bokiemu prze\u017cyciu Wielkiego Tygodnia, zanurzeniu si\u0119 w tajemnic\u0119 Bo\u017cej Mi\u0142o\u015bci, mamy szans\u0119 rzeczywi\u015bcie odnowi\u0107 nasze \u017cycie, odnowi\u0107 nasz\u0105 wiar\u0119 i nawr\u00f3ci\u0107 si\u0119 do Boga.<\/p>\n\n\n\n<p class=\"has-text-align-right\">\u0179r\u00f3d\u0142o: <a href=\"https:\/\/www.niedziela.pl\/artykul\/55978\/nd\/Jak-przezywac-Wielki-Tydzien?utm_source=niezbednikKatolika&amp;utm_medium=PanelPamietajDesktop&amp;utm_campaign=PanelPamietajDesktop\">Niezb\u0119dnik katolika<\/a><\/p>\n","protected":false},"excerpt":{"rendered":"<p>Przed nami wyj\u0105tkowy czas &#8211; Wielki Tydzie\u0144. G\u0142\u0119bokie prze\u017cycie i zrozumienie Wielkiego Tygodnia pozwala odkry\u0107 sens \u017cycia, odzyska\u0107 nadziej\u0119 i wiar\u0119. Same \u015awi\u0119ta Wielkanocne, bez<a href=\"https:\/\/parafiadlugakoscielna.pl\/?p=5153\" class=\"more-link\">View More<\/a><\/p>\n","protected":false},"author":1,"featured_media":0,"comment_status":"closed","ping_status":"","sticky":false,"template":"","format":"standard","meta":{"ngg_post_thumbnail":0,"footnotes":""},"categories":[30],"tags":[],"class_list":["post-5153","post","type-post","status-publish","format-standard","hentry","category-30"],"_links":{"self":[{"href":"https:\/\/parafiadlugakoscielna.pl\/index.php?rest_route=\/wp\/v2\/posts\/5153","targetHints":{"allow":["GET"]}}],"collection":[{"href":"https:\/\/parafiadlugakoscielna.pl\/index.php?rest_route=\/wp\/v2\/posts"}],"about":[{"href":"https:\/\/parafiadlugakoscielna.pl\/index.php?rest_route=\/wp\/v2\/types\/post"}],"author":[{"embeddable":true,"href":"https:\/\/parafiadlugakoscielna.pl\/index.php?rest_route=\/wp\/v2\/users\/1"}],"replies":[{"embeddable":true,"href":"https:\/\/parafiadlugakoscielna.pl\/index.php?rest_route=%2Fwp%2Fv2%2Fcomments&post=5153"}],"version-history":[{"count":1,"href":"https:\/\/parafiadlugakoscielna.pl\/index.php?rest_route=\/wp\/v2\/posts\/5153\/revisions"}],"predecessor-version":[{"id":5154,"href":"https:\/\/parafiadlugakoscielna.pl\/index.php?rest_route=\/wp\/v2\/posts\/5153\/revisions\/5154"}],"wp:attachment":[{"href":"https:\/\/parafiadlugakoscielna.pl\/index.php?rest_route=%2Fwp%2Fv2%2Fmedia&parent=5153"}],"wp:term":[{"taxonomy":"category","embeddable":true,"href":"https:\/\/parafiadlugakoscielna.pl\/index.php?rest_route=%2Fwp%2Fv2%2Fcategories&post=5153"},{"taxonomy":"post_tag","embeddable":true,"href":"https:\/\/parafiadlugakoscielna.pl\/index.php?rest_route=%2Fwp%2Fv2%2Ftags&post=5153"}],"curies":[{"name":"wp","href":"https:\/\/api.w.org\/{rel}","templated":true}]}}