{"id":5236,"date":"2025-05-11T12:46:24","date_gmt":"2025-05-11T12:46:24","guid":{"rendered":"https:\/\/parafiadlugakoscielna.pl\/?p=5236"},"modified":"2025-05-11T12:46:24","modified_gmt":"2025-05-11T12:46:24","slug":"moje-owce-sluchaja-mego-glosu","status":"publish","type":"post","link":"https:\/\/parafiadlugakoscielna.pl\/?p=5236","title":{"rendered":"Moje owce s\u0142uchaj\u0105 mego g\u0142osu&#8230;"},"content":{"rendered":"\n<blockquote class=\"wp-block-quote is-layout-flow wp-block-quote-is-layout-flow\">\n<p><em>Moje owce s\u0142uchaj\u0105 mego g\u0142osu, a Ja znam je. Id\u0105 one za Mn\u0105, a Ja daj\u0119 im \u017cycie wieczne<\/em>. J 10<\/p>\n<\/blockquote>\n\n\n\n<figure class=\"wp-block-image size-medium\"><img fetchpriority=\"high\" decoding=\"async\" width=\"300\" height=\"169\" src=\"https:\/\/parafiadlugakoscielna.pl\/wp-content\/uploads\/2022\/05\/Dobry_Pasterz-300x169.jpg\" alt=\"\" class=\"wp-image-2684\" srcset=\"https:\/\/parafiadlugakoscielna.pl\/wp-content\/uploads\/2022\/05\/Dobry_Pasterz-300x169.jpg 300w, https:\/\/parafiadlugakoscielna.pl\/wp-content\/uploads\/2022\/05\/Dobry_Pasterz-768x432.jpg 768w, https:\/\/parafiadlugakoscielna.pl\/wp-content\/uploads\/2022\/05\/Dobry_Pasterz.jpg 800w\" sizes=\"(max-width: 300px) 100vw, 300px\" \/><\/figure>\n\n\n\n<p>Pawe\u0142 i Barnaba g\u0142osz\u0105c s\u0142owo Bo\u017ce chc\u0105, by dotar\u0142o ono do \u017byd\u00f3w i pogan. Jedni go odrzucaj\u0105, inni z rado\u015bci\u0105 przyjmuj\u0105. To pokazuje, \u017ce Bo\u017cy g\u0142os nie pozostawia cz\u0142owieka oboj\u0119tnym. Wzywa do podj\u0119cia decyzji. Wsp\u00f3\u0142czesny cz\u0142owiek, podobnie jak s\u0142uchacze Paw\u0142a mo\u017ce us\u0142ysze\u0107 g\u0142os Boga: w Ewangelii, w \u015bwiadectwie innych, w sumieniu, ale nie zawsze tego chce, a mo\u017ce nie potrafi. Czasem trzeba ciszy, oderwania si\u0119 od zgie\u0142ku, by naprawd\u0119 rozpozna\u0107, co B\u00f3g m\u00f3wi.<\/p>\n\n\n\n<p>W \u015bwiecie, w kt\u00f3rym s\u0142yszymy wiele g\u0142os\u00f3w: medi\u00f3w, opinii publicznej, presji spo\u0142ecznej, \u0142atwo zag\u0142uszy\u0107 ten jeden, cichy, ale prawdziwy \u2013 g\u0142os Dobrego Pasterza. Trzeba nam uczy\u0107 si\u0119 go rozpoznawa\u0107 na nowo, w ciszy modlitwy, w Pi\u015bmie \u015awi\u0119tym, w sakramentach, w g\u0142osie sumienia. Czy ws\u0142uchujemy si\u0119 w ten g\u0142os w codziennym \u017cyciu? Jakie ma ono dla nas znaczenie, czy kszta\u0142tuje nasze decyzje, spos\u00f3b patrzenia na \u015bwiat, nasze relacje z innymi?<\/p>\n\n\n\n<p class=\"has-text-align-right\">\u0179r\u00f3d\u0142o: <a href=\"https:\/\/liturgia.wiara.pl\/kalendarz\/67b56.Refleksja-na-dzis\/2025-05-11\">Wiara.pl<\/a><\/p>\n","protected":false},"excerpt":{"rendered":"<p>Moje owce s\u0142uchaj\u0105 mego g\u0142osu, a Ja znam je. Id\u0105 one za Mn\u0105, a Ja daj\u0119 im \u017cycie wieczne. J 10 Pawe\u0142 i Barnaba g\u0142osz\u0105c<a href=\"https:\/\/parafiadlugakoscielna.pl\/?p=5236\" class=\"more-link\">View More<\/a><\/p>\n","protected":false},"author":1,"featured_media":0,"comment_status":"closed","ping_status":"","sticky":false,"template":"","format":"standard","meta":{"ngg_post_thumbnail":0,"footnotes":""},"categories":[30],"tags":[],"class_list":["post-5236","post","type-post","status-publish","format-standard","hentry","category-30"],"_links":{"self":[{"href":"https:\/\/parafiadlugakoscielna.pl\/index.php?rest_route=\/wp\/v2\/posts\/5236","targetHints":{"allow":["GET"]}}],"collection":[{"href":"https:\/\/parafiadlugakoscielna.pl\/index.php?rest_route=\/wp\/v2\/posts"}],"about":[{"href":"https:\/\/parafiadlugakoscielna.pl\/index.php?rest_route=\/wp\/v2\/types\/post"}],"author":[{"embeddable":true,"href":"https:\/\/parafiadlugakoscielna.pl\/index.php?rest_route=\/wp\/v2\/users\/1"}],"replies":[{"embeddable":true,"href":"https:\/\/parafiadlugakoscielna.pl\/index.php?rest_route=%2Fwp%2Fv2%2Fcomments&post=5236"}],"version-history":[{"count":1,"href":"https:\/\/parafiadlugakoscielna.pl\/index.php?rest_route=\/wp\/v2\/posts\/5236\/revisions"}],"predecessor-version":[{"id":5237,"href":"https:\/\/parafiadlugakoscielna.pl\/index.php?rest_route=\/wp\/v2\/posts\/5236\/revisions\/5237"}],"wp:attachment":[{"href":"https:\/\/parafiadlugakoscielna.pl\/index.php?rest_route=%2Fwp%2Fv2%2Fmedia&parent=5236"}],"wp:term":[{"taxonomy":"category","embeddable":true,"href":"https:\/\/parafiadlugakoscielna.pl\/index.php?rest_route=%2Fwp%2Fv2%2Fcategories&post=5236"},{"taxonomy":"post_tag","embeddable":true,"href":"https:\/\/parafiadlugakoscielna.pl\/index.php?rest_route=%2Fwp%2Fv2%2Ftags&post=5236"}],"curies":[{"name":"wp","href":"https:\/\/api.w.org\/{rel}","templated":true}]}}