{"id":5394,"date":"2025-09-03T07:54:12","date_gmt":"2025-09-03T07:54:12","guid":{"rendered":"https:\/\/parafiadlugakoscielna.pl\/?p=5394"},"modified":"2025-09-03T07:56:31","modified_gmt":"2025-09-03T07:56:31","slug":"warsztaty-zrozumiec-emocje","status":"publish","type":"post","link":"https:\/\/parafiadlugakoscielna.pl\/?p=5394","title":{"rendered":"Warsztaty \u201eZrozumie\u0107 emocje\u201d"},"content":{"rendered":"\n<figure class=\"wp-block-image size-full\"><img fetchpriority=\"high\" decoding=\"async\" width=\"524\" height=\"753\" src=\"https:\/\/parafiadlugakoscielna.pl\/wp-content\/uploads\/2025\/09\/2025-10-25_warsztaty.png\" alt=\"Plakat Warsztaty &quot;Zrozumie\u0107 emocje&quot;\" class=\"wp-image-5396\" srcset=\"https:\/\/parafiadlugakoscielna.pl\/wp-content\/uploads\/2025\/09\/2025-10-25_warsztaty.png 524w, https:\/\/parafiadlugakoscielna.pl\/wp-content\/uploads\/2025\/09\/2025-10-25_warsztaty-209x300.png 209w\" sizes=\"(max-width: 524px) 100vw, 524px\" \/><\/figure>\n\n\n\n<p><strong>Cel i tematyka warsztatu:<\/strong><\/p>\n\n\n\n<p>Warsztaty \u201eZrozumie\u0107 emocje\u201d to spotkanie na styku&nbsp;<strong>psychologii pozytywnej i duchowo\u015bci chrze\u015bcija\u0144skiej<\/strong>, skierowane do os\u00f3b, kt\u00f3re pragn\u0105 lepiej zrozumie\u0107 i regulowa\u0107 swoje emocje \u2013 zar\u00f3wno te pozytywne, jak i trudne.<\/p>\n\n\n\n<p><strong>Poruszane zagadnienia:<\/strong><\/p>\n\n\n\n<p>\u2022&nbsp;&nbsp;&nbsp;&nbsp;&nbsp;&nbsp;&nbsp;&nbsp;&nbsp;&nbsp;&nbsp;&nbsp;&nbsp;Natura,&nbsp;\u017ar\u00f3d\u0142a i funkcje emocji<\/p>\n\n\n\n<p>\u2022&nbsp;&nbsp;&nbsp;&nbsp;&nbsp;&nbsp;&nbsp;&nbsp;&nbsp;&nbsp;&nbsp;&nbsp;&nbsp;Od analfabetyzmu do inteligencji emocjonalnej<\/p>\n\n\n\n<p>\u2022&nbsp;&nbsp;&nbsp;&nbsp;&nbsp;&nbsp;&nbsp;&nbsp;&nbsp;&nbsp;&nbsp;&nbsp;&nbsp;\u201eWampiry emocjonalne\u201d \u2013 jak si\u0119 broni\u0107?<\/p>\n\n\n\n<p>\u2022&nbsp;&nbsp;&nbsp;&nbsp;&nbsp;&nbsp;&nbsp;&nbsp;&nbsp;&nbsp;&nbsp;&nbsp;&nbsp;Zarz\u0105dzanie trudnymi emocjami \u2013&nbsp;model ABC(DE)<\/p>\n\n\n\n<p>\u2022&nbsp;&nbsp;&nbsp;&nbsp;&nbsp;&nbsp;&nbsp;&nbsp;&nbsp;&nbsp;&nbsp;&nbsp;&nbsp;Emocje a ocena moralna<\/p>\n\n\n\n<p>\u2022&nbsp;&nbsp;&nbsp;&nbsp;&nbsp;&nbsp;&nbsp;&nbsp;&nbsp;&nbsp;&nbsp;&nbsp;&nbsp;Jak si\u0119 gniewa\u0107, ale m\u0105drze?<\/p>\n\n\n\n<p>\u2022&nbsp;&nbsp;&nbsp;&nbsp;&nbsp;&nbsp;&nbsp;&nbsp;&nbsp;&nbsp;&nbsp;&nbsp;&nbsp;L\u0119k, stres i sposoby radzenia sobie z trudnymi sytuacjami<\/p>\n\n\n\n<p>\u2022&nbsp;&nbsp;&nbsp;&nbsp;&nbsp;&nbsp;&nbsp;&nbsp;&nbsp;&nbsp;&nbsp;&nbsp;&nbsp;Moralno\u015b\u0107 uczu\u0107 w Biblii<\/p>\n\n\n\n<p>\u2022&nbsp;&nbsp;&nbsp;&nbsp;&nbsp;&nbsp;&nbsp;&nbsp;&nbsp;&nbsp;&nbsp;&nbsp;&nbsp;Rola emocji pozytywnych i si\u0142a u\u015bmiechu<\/p>\n","protected":false},"excerpt":{"rendered":"<p>Cel i tematyka warsztatu: Warsztaty \u201eZrozumie\u0107 emocje\u201d to spotkanie na styku&nbsp;psychologii pozytywnej i duchowo\u015bci chrze\u015bcija\u0144skiej, skierowane do os\u00f3b, kt\u00f3re pragn\u0105 lepiej zrozumie\u0107 i regulowa\u0107 swoje<a href=\"https:\/\/parafiadlugakoscielna.pl\/?p=5394\" class=\"more-link\">View More<\/a><\/p>\n","protected":false},"author":1,"featured_media":0,"comment_status":"closed","ping_status":"","sticky":false,"template":"","format":"standard","meta":{"ngg_post_thumbnail":0,"footnotes":""},"categories":[25],"tags":[],"class_list":["post-5394","post","type-post","status-publish","format-standard","hentry","category-25"],"_links":{"self":[{"href":"https:\/\/parafiadlugakoscielna.pl\/index.php?rest_route=\/wp\/v2\/posts\/5394","targetHints":{"allow":["GET"]}}],"collection":[{"href":"https:\/\/parafiadlugakoscielna.pl\/index.php?rest_route=\/wp\/v2\/posts"}],"about":[{"href":"https:\/\/parafiadlugakoscielna.pl\/index.php?rest_route=\/wp\/v2\/types\/post"}],"author":[{"embeddable":true,"href":"https:\/\/parafiadlugakoscielna.pl\/index.php?rest_route=\/wp\/v2\/users\/1"}],"replies":[{"embeddable":true,"href":"https:\/\/parafiadlugakoscielna.pl\/index.php?rest_route=%2Fwp%2Fv2%2Fcomments&post=5394"}],"version-history":[{"count":2,"href":"https:\/\/parafiadlugakoscielna.pl\/index.php?rest_route=\/wp\/v2\/posts\/5394\/revisions"}],"predecessor-version":[{"id":5397,"href":"https:\/\/parafiadlugakoscielna.pl\/index.php?rest_route=\/wp\/v2\/posts\/5394\/revisions\/5397"}],"wp:attachment":[{"href":"https:\/\/parafiadlugakoscielna.pl\/index.php?rest_route=%2Fwp%2Fv2%2Fmedia&parent=5394"}],"wp:term":[{"taxonomy":"category","embeddable":true,"href":"https:\/\/parafiadlugakoscielna.pl\/index.php?rest_route=%2Fwp%2Fv2%2Fcategories&post=5394"},{"taxonomy":"post_tag","embeddable":true,"href":"https:\/\/parafiadlugakoscielna.pl\/index.php?rest_route=%2Fwp%2Fv2%2Ftags&post=5394"}],"curies":[{"name":"wp","href":"https:\/\/api.w.org\/{rel}","templated":true}]}}