{"id":5446,"date":"2025-10-05T10:53:02","date_gmt":"2025-10-05T10:53:02","guid":{"rendered":"https:\/\/parafiadlugakoscielna.pl\/?p=5446"},"modified":"2025-10-05T10:55:08","modified_gmt":"2025-10-05T10:55:08","slug":"wizytacja-kanoniczna","status":"publish","type":"post","link":"https:\/\/parafiadlugakoscielna.pl\/?p=5446","title":{"rendered":"Wizytacja kanoniczna"},"content":{"rendered":"<div class=\"wp-block-image\">\n<figure class=\"aligncenter size-full\"><img fetchpriority=\"high\" decoding=\"async\" width=\"300\" height=\"300\" src=\"https:\/\/parafiadlugakoscielna.pl\/wp-content\/uploads\/2025\/10\/herb_bpJ_Grzybowski.png\" alt=\"herb bp. J.Grzybowskiego\" class=\"wp-image-5448\" srcset=\"https:\/\/parafiadlugakoscielna.pl\/wp-content\/uploads\/2025\/10\/herb_bpJ_Grzybowski.png 300w, https:\/\/parafiadlugakoscielna.pl\/wp-content\/uploads\/2025\/10\/herb_bpJ_Grzybowski-150x150.png 150w, https:\/\/parafiadlugakoscielna.pl\/wp-content\/uploads\/2025\/10\/herb_bpJ_Grzybowski-75x75.png 75w\" sizes=\"(max-width: 300px) 100vw, 300px\" \/><\/figure>\n<\/div>\n\n\n<p>Dzisiaj, w XXVII niedziel\u0119 zwyk\u0142\u0105, 5 pa\u017adziernika 2025 roku, prze\u017cywamy w naszej parafii wizytacj\u0119 kanoniczn\u0105 Jego Ekscelencji Biskupa Jacka Grzybowskiego, kt\u00f3ry na mszy \u015bwi\u0119tej o godzinie 18:00 udzieli sakramentu bierzmowania naszej m\u0142odzie\u017cy.<\/p>\n\n\n\n<p>Bogu niech b\u0119d\u0105 dzi\u0119ki!<\/p>\n\n\n\n<p><\/p>\n","protected":false},"excerpt":{"rendered":"<p>Dzisiaj, w XXVII niedziel\u0119 zwyk\u0142\u0105, 5 pa\u017adziernika 2025 roku, prze\u017cywamy w naszej parafii wizytacj\u0119 kanoniczn\u0105 Jego Ekscelencji Biskupa Jacka Grzybowskiego, kt\u00f3ry na mszy \u015bwi\u0119tej o<a href=\"https:\/\/parafiadlugakoscielna.pl\/?p=5446\" class=\"more-link\">View More<\/a><\/p>\n","protected":false},"author":1,"featured_media":0,"comment_status":"closed","ping_status":"","sticky":false,"template":"","format":"standard","meta":{"ngg_post_thumbnail":0,"footnotes":""},"categories":[25],"tags":[],"class_list":["post-5446","post","type-post","status-publish","format-standard","hentry","category-25"],"_links":{"self":[{"href":"https:\/\/parafiadlugakoscielna.pl\/index.php?rest_route=\/wp\/v2\/posts\/5446","targetHints":{"allow":["GET"]}}],"collection":[{"href":"https:\/\/parafiadlugakoscielna.pl\/index.php?rest_route=\/wp\/v2\/posts"}],"about":[{"href":"https:\/\/parafiadlugakoscielna.pl\/index.php?rest_route=\/wp\/v2\/types\/post"}],"author":[{"embeddable":true,"href":"https:\/\/parafiadlugakoscielna.pl\/index.php?rest_route=\/wp\/v2\/users\/1"}],"replies":[{"embeddable":true,"href":"https:\/\/parafiadlugakoscielna.pl\/index.php?rest_route=%2Fwp%2Fv2%2Fcomments&post=5446"}],"version-history":[{"count":3,"href":"https:\/\/parafiadlugakoscielna.pl\/index.php?rest_route=\/wp\/v2\/posts\/5446\/revisions"}],"predecessor-version":[{"id":5450,"href":"https:\/\/parafiadlugakoscielna.pl\/index.php?rest_route=\/wp\/v2\/posts\/5446\/revisions\/5450"}],"wp:attachment":[{"href":"https:\/\/parafiadlugakoscielna.pl\/index.php?rest_route=%2Fwp%2Fv2%2Fmedia&parent=5446"}],"wp:term":[{"taxonomy":"category","embeddable":true,"href":"https:\/\/parafiadlugakoscielna.pl\/index.php?rest_route=%2Fwp%2Fv2%2Fcategories&post=5446"},{"taxonomy":"post_tag","embeddable":true,"href":"https:\/\/parafiadlugakoscielna.pl\/index.php?rest_route=%2Fwp%2Fv2%2Ftags&post=5446"}],"curies":[{"name":"wp","href":"https:\/\/api.w.org\/{rel}","templated":true}]}}