{"id":5485,"date":"2025-11-01T06:06:17","date_gmt":"2025-11-01T06:06:17","guid":{"rendered":"https:\/\/parafiadlugakoscielna.pl\/?p=5485"},"modified":"2025-11-01T06:06:17","modified_gmt":"2025-11-01T06:06:17","slug":"czy-wiesz-ze-mozesz-pomoc-zmarlym","status":"publish","type":"post","link":"https:\/\/parafiadlugakoscielna.pl\/?p=5485","title":{"rendered":"Czy wiesz, \u017ce mo\u017cesz pom\u00f3c zmar\u0142ym?"},"content":{"rendered":"\n<figure class=\"wp-block-image size-full\"><img fetchpriority=\"high\" decoding=\"async\" width=\"526\" height=\"707\" src=\"https:\/\/parafiadlugakoscielna.pl\/wp-content\/uploads\/2024\/11\/1-8_listopada_odpust.jpg\" alt=\"\" class=\"wp-image-4817\" srcset=\"https:\/\/parafiadlugakoscielna.pl\/wp-content\/uploads\/2024\/11\/1-8_listopada_odpust.jpg 526w, https:\/\/parafiadlugakoscielna.pl\/wp-content\/uploads\/2024\/11\/1-8_listopada_odpust-223x300.jpg 223w\" sizes=\"(max-width: 526px) 100vw, 526px\" \/><\/figure>\n","protected":false},"excerpt":{"rendered":"","protected":false},"author":1,"featured_media":0,"comment_status":"closed","ping_status":"","sticky":false,"template":"","format":"standard","meta":{"ngg_post_thumbnail":0,"footnotes":""},"categories":[25],"tags":[],"class_list":["post-5485","post","type-post","status-publish","format-standard","hentry","category-25"],"_links":{"self":[{"href":"https:\/\/parafiadlugakoscielna.pl\/index.php?rest_route=\/wp\/v2\/posts\/5485","targetHints":{"allow":["GET"]}}],"collection":[{"href":"https:\/\/parafiadlugakoscielna.pl\/index.php?rest_route=\/wp\/v2\/posts"}],"about":[{"href":"https:\/\/parafiadlugakoscielna.pl\/index.php?rest_route=\/wp\/v2\/types\/post"}],"author":[{"embeddable":true,"href":"https:\/\/parafiadlugakoscielna.pl\/index.php?rest_route=\/wp\/v2\/users\/1"}],"replies":[{"embeddable":true,"href":"https:\/\/parafiadlugakoscielna.pl\/index.php?rest_route=%2Fwp%2Fv2%2Fcomments&post=5485"}],"version-history":[{"count":1,"href":"https:\/\/parafiadlugakoscielna.pl\/index.php?rest_route=\/wp\/v2\/posts\/5485\/revisions"}],"predecessor-version":[{"id":5486,"href":"https:\/\/parafiadlugakoscielna.pl\/index.php?rest_route=\/wp\/v2\/posts\/5485\/revisions\/5486"}],"wp:attachment":[{"href":"https:\/\/parafiadlugakoscielna.pl\/index.php?rest_route=%2Fwp%2Fv2%2Fmedia&parent=5485"}],"wp:term":[{"taxonomy":"category","embeddable":true,"href":"https:\/\/parafiadlugakoscielna.pl\/index.php?rest_route=%2Fwp%2Fv2%2Fcategories&post=5485"},{"taxonomy":"post_tag","embeddable":true,"href":"https:\/\/parafiadlugakoscielna.pl\/index.php?rest_route=%2Fwp%2Fv2%2Ftags&post=5485"}],"curies":[{"name":"wp","href":"https:\/\/api.w.org\/{rel}","templated":true}]}}