{"id":5518,"date":"2025-11-23T08:55:30","date_gmt":"2025-11-23T08:55:30","guid":{"rendered":"https:\/\/parafiadlugakoscielna.pl\/?p=5518"},"modified":"2025-11-23T08:57:58","modified_gmt":"2025-11-23T08:57:58","slug":"uroczystosc-jezusa-chrystusa-krola-wszechswiata-4","status":"publish","type":"post","link":"https:\/\/parafiadlugakoscielna.pl\/?p=5518","title":{"rendered":"Uroczysto\u015b\u0107 Jezusa Chrystusa Kr\u00f3la Wszech\u015bwiata"},"content":{"rendered":"\n<p>W t\u0119 niedziel\u0119 &#8211; ostatni\u0105 niedziel\u0119 roku liturgicznego &#8211; Ko\u015bci\u00f3\u0142 obchodzi uroczysto\u015b\u0107 Jezusa Chrystusa, Kr\u00f3la Wszech\u015bwiata.<\/p>\n\n\n<div class=\"wp-block-image\">\n<figure class=\"aligncenter size-medium is-resized\"><img fetchpriority=\"high\" decoding=\"async\" width=\"300\" height=\"240\" src=\"https:\/\/parafiadlugakoscielna.pl\/wp-content\/uploads\/2025\/11\/Obraz_Chrystusa_Krola_wszechswiata-300x240.jpg\" alt=\"\" class=\"wp-image-5511\" style=\"width:400px\" srcset=\"https:\/\/parafiadlugakoscielna.pl\/wp-content\/uploads\/2025\/11\/Obraz_Chrystusa_Krola_wszechswiata-300x240.jpg 300w, https:\/\/parafiadlugakoscielna.pl\/wp-content\/uploads\/2025\/11\/Obraz_Chrystusa_Krola_wszechswiata-768x616.jpg 768w, https:\/\/parafiadlugakoscielna.pl\/wp-content\/uploads\/2025\/11\/Obraz_Chrystusa_Krola_wszechswiata.jpg 842w\" sizes=\"(max-width: 300px) 100vw, 300px\" \/><figcaption class=\"wp-element-caption\">fot. Ma\u0142gorzata Cudny<\/figcaption><\/figure>\n<\/div>\n\n\n<p><strong>Uroczysto\u015b\u0107 Jezusa Chrystusa, Kr\u00f3la Wszech\u015bwiata<\/strong>&nbsp;zosta\u0142a ustanowiona w liturgii Ko\u015bcio\u0142a katolickiego przez papie\u017ca Piusa XI 11 grudnia 1925 roku.<\/p>\n\n\n\n<p>Obchodzimy je na zako\u0144czenie roku liturgicznego, aby podkre\u015bli\u0107, \u017ce w Jezusie Chrystusie znajduje si\u0119 pocz\u0105tek i chwalebny koniec wszystkiego, co rodzaj ludzki w porz\u0105dku nadprzyrodzonym i przyrodzonym posiada i czego si\u0119 spodziewa.<\/p>\n\n\n\n<p>Przed swoj\u0105 \u015bmierci\u0105 Jezus zwraca si\u0119 tymi s\u0142owami do Pi\u0142ata: \u00abKr\u00f3lestwo moje nie jest z tego \u015bwiata. Gdyby kr\u00f3lestwo moje by\u0142o z tego \u015bwiata, s\u0142udzy moi biliby si\u0119, abym nie zosta\u0142 wydany \u017bydom. Teraz za\u015b kr\u00f3lestwo moje nie jest st\u0105d\u00bb. Pi\u0142at zatem powiedzia\u0142 do Niego: \u00abA wi\u0119c jeste\u015b kr\u00f3lem?\u00bb Odpowiedzia\u0142 Jezus: \u00abTak, jestem kr\u00f3lem. Ja si\u0119 na to narodzi\u0142em i na to przyszed\u0142em na \u015bwiat, aby da\u0107 \u015bwiadectwo prawdzie. Ka\u017cdy, kto jest z prawdy, s\u0142ucha mojego g\u0142osu\u00bb (<em>J 18, 36-37).<\/em><\/p>\n\n\n\n<p>Jezus jest Kr\u00f3lem i gor\u0105co pragnie kr\u00f3lowa\u0107 w naszych sercach dzieci Bo\u017cych. Nie wyobra\u017cajmy sobie jednak tego kr\u00f3lowania na spos\u00f3b ludzki. Chrystus nie dominuje ani nie chce si\u0119 narzuca\u0107, poniewa\u017c nie przyszed\u0142, aby Mu s\u0142u\u017cono, lecz aby s\u0142u\u017cy\u0107. Jego kr\u00f3lestwo &#8211; to pok\u00f3j, rado\u015b\u0107, sprawiedliwo\u015b\u0107. Chrystus, nasz Kr\u00f3l, nie oczekuje od nas pustych s\u0142\u00f3w, lecz czyn\u00f3w, poniewa\u017c nie ka\u017cdy, kt\u00f3ry Mi m\u00f3wi: &#8222;Panie, Panie\u201d, wejdzie do kr\u00f3lestwa niebieskiego, lecz ten, kto spe\u0142nia wol\u0119 mojego Ojca, kt\u00f3ry jest w niebie (Mt 7,21). (<a href=\"https:\/\/www.pismaescrivy.org\/book\/chrystus_przechodzi-punkty-93.htm\" target=\"_blank\" rel=\"noreferrer noopener\"><em>To Chrystus przechodzi, 93<\/em><\/a>)<\/p>\n\n\n\n<figure class=\"wp-block-image\"><img decoding=\"async\" src=\"https:\/\/images.opusdei.org\/?url=https:\/\/odnmedia.s3.amazonaws.com\/image\/sjm\/cristo-corcovado.jpg&amp;output=jpg&amp;il&amp;bg=white\" alt=\"\"\/><\/figure>\n\n\n\n<p>\u201cA wi\u0119c jeste\u015b kr\u00f3lem\u201d&#8230; &#8211; Tak, Chrystus jest Kr\u00f3lem, kt\u00f3ry nie tylko udziela ci audiencji wtedy, kiedy tego pragniesz, lecz w szale\u0144stwie mi\u0142o\u015bci nawet porzuca &#8211; wiesz, co mam na my\u015bli &#8211; wspania\u0142y pa\u0142ac Niebios, do kt\u00f3rego ty jeszcze nie mo\u017cesz wej\u015b\u0107, i oczekuje na ciebie w Tabernakulum. &#8211; Czy\u017c nie wydaje ci si\u0119 absurdem fakt, \u017ce nie d\u0105\u017cysz, aby udawa\u0107 si\u0119 tam w po\u015bpiechu i cz\u0119\u015bciej, by z Nim rozmawia\u0107? (<em>Ku\u017ania, 1004)<\/em><\/p>\n\n\n\n<p>Gdzie jest Kr\u00f3l? Czy nie jest tak, \u017ce Jezus pragnie przede wszystkim kr\u00f3lowa\u0107 w sercu, w twoim sercu? Dlatego staje si\u0119 Dzieckiem, bo kt\u00f3\u017c nie kocha male\u0144kiego dziecka? Gdzie jest Kr\u00f3l? Gdzie jest Chrystus, kt\u00f3rego Duch \u015awi\u0119ty stara si\u0119 ukszta\u0142towa\u0107 w naszych duszach? Nie mo\u017ce by\u0107 w pysze, kt\u00f3ra oddziela nas od Boga; nie mo\u017ce by\u0107 w braku mi\u0142o\u015bci, kt\u00f3ra nas izoluje od innych. Tam nie mo\u017ce by\u0107 Chrystus; tam cz\u0142owiek zostaje sam. (<a href=\"https:\/\/www.pismaescrivy.org\/book\/chrystus_przechodzi-punkty-31.htm\" target=\"_blank\" rel=\"noreferrer noopener\"><em>To Chrystus przechodzi, 31<\/em><\/a>)<\/p>\n\n\n\n<p><strong>A jak ty pozwalasz Mi w sobie kr\u00f3lowa\u0107?<\/strong><\/p>\n\n\n\n<p>Chrystus powinien kr\u00f3lowa\u0107 przede wszystkim w naszej duszy. Co by\u015bmy odpowiedzieli, gdyby nas zapyta\u0142: &#8222;A jak ty pozwalasz Mi w sobie kr\u00f3lowa\u0107?\u201d. Ja bym Mu odpowiedzia\u0142, \u017ce aby m\u00f3g\u0142 we mnie kr\u00f3lowa\u0107, potrzebuj\u0119 obfito\u015bci Jego \u0142aski; tylko w ten spos\u00f3b ka\u017cde uderzenie mojego serca, ka\u017cdy m\u00f3j oddech, najl\u017cejsze spojrzenie, najzwyklejsze s\u0142owo, najzwyczajniejsze odczucie przemieni\u0105 si\u0119 w hosanna dla mojego Kr\u00f3la, Chrystusa. (<a href=\"https:\/\/www.pismaescrivy.org\/book\/chrystus_przechodzi-punkty-181.htm\" target=\"_blank\" rel=\"noreferrer noopener\"><em>To Chrystus przechodzi, 181<\/em><\/a>)<\/p>\n\n\n\n<p>Jedni sprowadzaj\u0105 religi\u0119 do mn\u00f3stwa zakaz\u00f3w albo zadowalaj\u0105 si\u0119 katolicyzmem po\u0142owicznym. Inni chc\u0105 odwr\u00f3ci\u0107 Pana Boga twarz\u0105 do \u015bciany albo umie\u015bci\u0107 Go w k\u0105ciku duszy. Wobec nich powinni\u015bmy twierdzi\u0107 naszymi s\u0142owami i naszymi czynami, \u017ce pragniemy uczyni\u0107 Chrystusa autentycznym kr\u00f3lem wszystkich serc&#8230;, r\u00f3wnie\u017c kr\u00f3lem ich serc. (<em>Bruzda, 608<\/em>)<\/p>\n\n\n\n<blockquote class=\"wp-block-quote is-layout-flow wp-block-quote-is-layout-flow\">\n<p>Pro\u015bmy dzi\u015b naszego Kr\u00f3la, aby uczyni\u0142 nas pokornymi i gorliwymi wsp\u00f3\u0142pracownikami w Bo\u017cym zamiarze jednoczenia tego, co rozbite, ratowania tego, co utracone, porz\u0105dkowania tego, w co cz\u0142owiek wprowadzi\u0142 nieporz\u0105dek<\/p>\n<\/blockquote>\n\n\n\n<p>Je\u015bli pozwolimy, aby Chrystus kr\u00f3lowa\u0142 w naszej duszy, nie b\u0119dziemy podporz\u0105dkowywa\u0107 sobie innych, lecz b\u0119dziemy s\u0142ugami wszystkich ludzi. S\u0142u\u017cba &#8211; jak\u017ce lubi\u0119 to s\u0142owo! S\u0142u\u017cy\u0107 mojemu Kr\u00f3lowi, a dla Niego wszystkim tym, kt\u00f3rzy zostali odkupieni Jego krwi\u0105. Gdyby\u015bmy my, chrze\u015bcijanie, umieli s\u0142u\u017cy\u0107! Powierzmy Panu nasz\u0105 decyzj\u0119, by nauczy\u0107 si\u0119 pe\u0142nienia tego zadania s\u0142u\u017cby, bo tylko s\u0142u\u017c\u0105c, b\u0119dziemy mogli pozna\u0107 i ukocha\u0107 Chrystusa, a tak\u017ce ukazywa\u0107 Go innym i sprawi\u0107, by bardziej Go kochali. (<em>To Chrystus przechodzi, 182)<\/em><\/p>\n\n\n\n<p>Do tego zostali\u015bmy powo\u0142ani my, chrze\u015bcijanie, to jest nasze zadanie apostolskie i pragnienie, kt\u00f3re powinno poch\u0142ania\u0107 nasze dusze: doprowadzi\u0107 do tego, \u017ceby kr\u00f3lestwo Chrystusa sta\u0142o si\u0119 rzeczywisto\u015bci\u0105, \u017ceby nie by\u0142o ju\u017c nienawi\u015bci ani okrucie\u0144stwa, \u017ceby\u015bmy nie\u015bli \u015bwiatu pe\u0142en mocy i pokoju balsam mi\u0142o\u015bci. Pro\u015bmy dzi\u015b naszego Kr\u00f3la, aby uczyni\u0142 nas pokornymi i gorliwymi wsp\u00f3\u0142pracownikami w Bo\u017cym zamiarze jednoczenia tego, co rozbite, ratowania tego, co utracone, porz\u0105dkowania tego, w co cz\u0142owiek wprowadzi\u0142 nieporz\u0105dek, prowadzenia do celu zb\u0142\u0105kanych, odbudowywania harmonii ca\u0142ego stworzenia. (<em>To Chrystus przechodzi, 183)<\/em><\/p>\n\n\n\n<p>Obchodzimy dzi\u015b uroczysto\u015b\u0107 Chrystusa Kr\u00f3la. I nie przekrocz\u0119 swoich kompetencji kap\u0142ana, m\u00f3wi\u0105c, \u017ce je\u015bli kto\u015b pojmowa\u0142by kr\u00f3lestwo Chrystusa jako program polityczny, nie zg\u0142\u0119bi\u0142 nadprzyrodzonego celu wiary i by\u0142by o krok od obarczenia sumie\u0144 ci\u0119\u017carami, kt\u00f3re nie pochodz\u0105 od Jezusa, poniewa\u017c Jego jarzmo jest s\u0142odkie, a brzemi\u0119 lekkie. Mi\u0142ujmy naprawd\u0119 wszystkich ludzi; mi\u0142ujmy nade wszystko Chrystusa, a wtedy nie b\u0119dziemy mieli innego wyj\u015bcia, jak tylko mi\u0142owa\u0107 uprawnion\u0105 wolno\u015b\u0107 innych w spokojnym i rozumnym wsp\u00f3\u0142\u017cyciu. (<em>To Chrystus przechodzi, 184)<\/em><\/p>\n\n\n\n<p><em><a href=\"https:\/\/opusdei.org\/pl-pl\/article\/chrystus-kroluje-dajac-nam-swoje-zycie\/\" target=\"_blank\" rel=\"noreferrer noopener\">Udost\u0119pniamy fragmenty rozwa\u017ca\u0144 Pra\u0142ata Opus&nbsp;Dei z okazji Uroczysto\u015bci Chrystusa Kr\u00f3la (2017).<\/a><\/em><\/p>\n\n\n\n<p class=\"has-text-align-right\">\u0179r\u00f3d\u0142o: <a href=\"https:\/\/opusdei.org\/pl-pl\/article\/uroczystosc-jezusa-chrystusa-krola-wszechswiata\/\">Opus Dei<\/a><\/p>\n","protected":false},"excerpt":{"rendered":"<p>W t\u0119 niedziel\u0119 &#8211; ostatni\u0105 niedziel\u0119 roku liturgicznego &#8211; Ko\u015bci\u00f3\u0142 obchodzi uroczysto\u015b\u0107 Jezusa Chrystusa, Kr\u00f3la Wszech\u015bwiata. Uroczysto\u015b\u0107 Jezusa Chrystusa, Kr\u00f3la Wszech\u015bwiata&nbsp;zosta\u0142a ustanowiona w liturgii Ko\u015bcio\u0142a<a href=\"https:\/\/parafiadlugakoscielna.pl\/?p=5518\" class=\"more-link\">View More<\/a><\/p>\n","protected":false},"author":1,"featured_media":0,"comment_status":"closed","ping_status":"","sticky":false,"template":"","format":"standard","meta":{"ngg_post_thumbnail":0,"footnotes":""},"categories":[30],"tags":[],"class_list":["post-5518","post","type-post","status-publish","format-standard","hentry","category-30"],"_links":{"self":[{"href":"https:\/\/parafiadlugakoscielna.pl\/index.php?rest_route=\/wp\/v2\/posts\/5518","targetHints":{"allow":["GET"]}}],"collection":[{"href":"https:\/\/parafiadlugakoscielna.pl\/index.php?rest_route=\/wp\/v2\/posts"}],"about":[{"href":"https:\/\/parafiadlugakoscielna.pl\/index.php?rest_route=\/wp\/v2\/types\/post"}],"author":[{"embeddable":true,"href":"https:\/\/parafiadlugakoscielna.pl\/index.php?rest_route=\/wp\/v2\/users\/1"}],"replies":[{"embeddable":true,"href":"https:\/\/parafiadlugakoscielna.pl\/index.php?rest_route=%2Fwp%2Fv2%2Fcomments&post=5518"}],"version-history":[{"count":3,"href":"https:\/\/parafiadlugakoscielna.pl\/index.php?rest_route=\/wp\/v2\/posts\/5518\/revisions"}],"predecessor-version":[{"id":5521,"href":"https:\/\/parafiadlugakoscielna.pl\/index.php?rest_route=\/wp\/v2\/posts\/5518\/revisions\/5521"}],"wp:attachment":[{"href":"https:\/\/parafiadlugakoscielna.pl\/index.php?rest_route=%2Fwp%2Fv2%2Fmedia&parent=5518"}],"wp:term":[{"taxonomy":"category","embeddable":true,"href":"https:\/\/parafiadlugakoscielna.pl\/index.php?rest_route=%2Fwp%2Fv2%2Fcategories&post=5518"},{"taxonomy":"post_tag","embeddable":true,"href":"https:\/\/parafiadlugakoscielna.pl\/index.php?rest_route=%2Fwp%2Fv2%2Ftags&post=5518"}],"curies":[{"name":"wp","href":"https:\/\/api.w.org\/{rel}","templated":true}]}}