{"id":5541,"date":"2025-11-30T09:47:38","date_gmt":"2025-11-30T09:47:38","guid":{"rendered":"https:\/\/parafiadlugakoscielna.pl\/?p=5541"},"modified":"2025-11-30T09:47:38","modified_gmt":"2025-11-30T09:47:38","slug":"adwent-to-czas-zatrzymania-i-dobrych-uczynkow","status":"publish","type":"post","link":"https:\/\/parafiadlugakoscielna.pl\/?p=5541","title":{"rendered":"Adwent to czas zatrzymania i dobrych uczynk\u00f3w"},"content":{"rendered":"\n<p><strong>Warto rozejrze\u0107 si\u0119 woko\u0142o, by zauwa\u017cy\u0107 drugiego cz\u0142owieka i po prostu by\u0107 obok &#8211; przypomnia\u0142 przewodnicz\u0105cy Episkopatu abp Tadeusz Wojda SAC, zach\u0119caj\u0105c, by tegoroczny Adwent sta\u0142 si\u0119 przestrzeni\u0105 ciszy, porz\u0105dkowania serca i prostych gest\u00f3w mi\u0142osierdzia. Podkre\u015bli\u0142, \u017ce wraz z pocz\u0105tkiem Adwentu Ko\u015bci\u00f3\u0142 wchodzi w nowy rok liturgiczny i ponownie prze\u017cywa tajemnic\u0119 Wcielenia. \u017byczy\u0142 wszystkim radosnego i pe\u0142nego nadziei czasu oczekiwania.<\/strong><\/p>\n\n\n\n<p>Przewodnicz\u0105cy Episkopatu, abp Tadeusz Wojda SAC, w kr\u00f3tkim nagraniu wideo przypomnia\u0142, \u017ce&nbsp;<strong>pierwsza niedziela Adwentu<\/strong>&nbsp;rozpoczyna w Ko\u015bciele katolickim czas bezpo\u015bredniego przygotowania do Bo\u017cego Narodzenia.&nbsp;<em>&#8222;To tak\u017ce pocz\u0105tek nowego roku liturgicznego, w kt\u00f3rym ponownie b\u0119dziemy prze\u017cywa\u0107 zbawcze wydarzenia z \u017cycia Jezusa &#8211; zaczynaj\u0105c od tajemnicy Jego Wcielenia i narodzin w Betlejem&#8221;<\/em>&nbsp;&#8211; powiedzia\u0142.<\/p>\n\n\n\n<p>Zach\u0119ci\u0142 te\u017c do tego, aby&nbsp;<strong>tegoroczny Adwent<\/strong>&nbsp;sta\u0142 si\u0119 dla ka\u017cdego&nbsp;<em>&#8222;czasem zatrzymania &#8211; modlitwy, refleksji i prostych, dobrych uczynk\u00f3w&#8221;<\/em>. Zaprosi\u0142 te\u017c do w\u0142\u0105czenia si\u0119 w&nbsp;<strong>adwentowe tradycje<\/strong>: poranne Msze \u015awi\u0119te roratnie czy przygotowanie wie\u0144ca adwentowego.&nbsp;<em>&#8222;Warto te\u017c otworzy\u0107 serce na dzie\u0142a mi\u0142osierdzia&#8221;<\/em>&nbsp;&#8211; powiedzia\u0142 abp Wojda, w spos\u00f3b szczeg\u00f3lny polecaj\u0105c uwadze Wigilijne Dzie\u0142o Pomocy Dzieciom, prowadzone od lat przez Caritas.&nbsp;<em>&#8222;Dzi\u0119ki \u015bwiecy Caritas mo\u017cna podzieli\u0107 si\u0119 sercem z tymi, kt\u00f3rzy najbardziej potrzebuj\u0105 wsparcia&#8221;<\/em>&nbsp;&#8211; podkre\u015bli\u0142.&nbsp;<em>&#8222;Warto te\u017c rozejrze\u0107 si\u0119 woko\u0142o, by zauwa\u017cy\u0107 drugiego cz\u0142owieka, i po prostu by\u0107 obok&#8221;<\/em>&nbsp;&#8211; doda\u0142.<\/p>\n\n\n\n<figure class=\"wp-block-embed is-type-video is-provider-youtube wp-block-embed-youtube wp-embed-aspect-16-9 wp-has-aspect-ratio\"><div class=\"wp-block-embed__wrapper\">\n<iframe title=\"Przewodnicz\u0105cy Episkopatu na Adwent: Radosnego, pe\u0142nego nadziei czasu oczekiwania!\" width=\"1300\" height=\"731\" src=\"https:\/\/www.youtube.com\/embed\/R_Zycb-TjDg?feature=oembed\" frameborder=\"0\" allow=\"accelerometer; autoplay; clipboard-write; encrypted-media; gyroscope; picture-in-picture; web-share\" referrerpolicy=\"strict-origin-when-cross-origin\" allowfullscreen><\/iframe>\n<\/div><\/figure>\n\n\n\n<p class=\"has-text-align-right\">\u0179r\u00f3d\u0142o: <a href=\"https:\/\/www.niedziela.pl\/artykul\/118770\/Przewodniczacy-Episkopatu-Adwent-to-czas-zatrzymania-i-dobrych-uczynkow\">Niedziela.pl<\/a><\/p>\n","protected":false},"excerpt":{"rendered":"<p>Warto rozejrze\u0107 si\u0119 woko\u0142o, by zauwa\u017cy\u0107 drugiego cz\u0142owieka i po prostu by\u0107 obok &#8211; przypomnia\u0142 przewodnicz\u0105cy Episkopatu abp Tadeusz Wojda SAC, zach\u0119caj\u0105c, by tegoroczny Adwent<a href=\"https:\/\/parafiadlugakoscielna.pl\/?p=5541\" class=\"more-link\">View More<\/a><\/p>\n","protected":false},"author":1,"featured_media":0,"comment_status":"closed","ping_status":"","sticky":false,"template":"","format":"standard","meta":{"ngg_post_thumbnail":0,"footnotes":""},"categories":[30],"tags":[],"class_list":["post-5541","post","type-post","status-publish","format-standard","hentry","category-30"],"_links":{"self":[{"href":"https:\/\/parafiadlugakoscielna.pl\/index.php?rest_route=\/wp\/v2\/posts\/5541","targetHints":{"allow":["GET"]}}],"collection":[{"href":"https:\/\/parafiadlugakoscielna.pl\/index.php?rest_route=\/wp\/v2\/posts"}],"about":[{"href":"https:\/\/parafiadlugakoscielna.pl\/index.php?rest_route=\/wp\/v2\/types\/post"}],"author":[{"embeddable":true,"href":"https:\/\/parafiadlugakoscielna.pl\/index.php?rest_route=\/wp\/v2\/users\/1"}],"replies":[{"embeddable":true,"href":"https:\/\/parafiadlugakoscielna.pl\/index.php?rest_route=%2Fwp%2Fv2%2Fcomments&post=5541"}],"version-history":[{"count":1,"href":"https:\/\/parafiadlugakoscielna.pl\/index.php?rest_route=\/wp\/v2\/posts\/5541\/revisions"}],"predecessor-version":[{"id":5542,"href":"https:\/\/parafiadlugakoscielna.pl\/index.php?rest_route=\/wp\/v2\/posts\/5541\/revisions\/5542"}],"wp:attachment":[{"href":"https:\/\/parafiadlugakoscielna.pl\/index.php?rest_route=%2Fwp%2Fv2%2Fmedia&parent=5541"}],"wp:term":[{"taxonomy":"category","embeddable":true,"href":"https:\/\/parafiadlugakoscielna.pl\/index.php?rest_route=%2Fwp%2Fv2%2Fcategories&post=5541"},{"taxonomy":"post_tag","embeddable":true,"href":"https:\/\/parafiadlugakoscielna.pl\/index.php?rest_route=%2Fwp%2Fv2%2Ftags&post=5541"}],"curies":[{"name":"wp","href":"https:\/\/api.w.org\/{rel}","templated":true}]}}