{"id":5543,"date":"2025-11-30T09:56:45","date_gmt":"2025-11-30T09:56:45","guid":{"rendered":"https:\/\/parafiadlugakoscielna.pl\/?p=5543"},"modified":"2025-11-30T09:56:45","modified_gmt":"2025-11-30T09:56:45","slug":"ruszyla-wirtualna-choinka","status":"publish","type":"post","link":"https:\/\/parafiadlugakoscielna.pl\/?p=5543","title":{"rendered":"Ruszy\u0142a Wirtualna Choinka!"},"content":{"rendered":"\n<p>To akcja dobroczynna organizowana przez Ruch \u015awiat\u0142o-\u017bycie diecezji<br>warszawsko-praskiej we wsp\u00f3\u0142pracy z Caritas. Setki os\u00f3b w potrzebie czekaj\u0105 na<br>prezenty i na pomoc w ogrzaniu dom\u00f3w.<br>Zach\u0119camy, by zajrze\u0107 na stron\u0119 <a href=\"http:\/\/www.wirtualnachoinka.pl\" target=\"_blank\" rel=\"noreferrer noopener\">www.wirtualnachoinka.pl<\/a> i spe\u0142ni\u0107<br>cho\u0107 jedno marzenie.<\/p>\n\n\n\n<p><strong>Choinka jest wirtualna, ale pomoc realna. Do\u0142\u0105cz do nas!<\/strong><\/p>\n\n\n\n<p>Okazuje si\u0119, \u017ce nie trzeba wychodzi\u0107 z domu, aby kilkoma ruchami sprawi\u0107, \u017ce potrzebuj\u0105ca rodzina, by\u0107 mo\u017ce gdzie\u015b bardzo blisko nas, nie b\u0119dzie ju\u017c marz\u0142a w zimowe dni, a serca najm\u0142odszych rozraduj\u0105 si\u0119 na widok prezent\u00f3w pod choink\u0105!<\/p>\n\n\n\n<p>Wirtualna Choinka (WirtualnaChoinka.pl) dzia\u0142a ju\u017c od 2010 roku, aby wspiera\u0107 potrzebuj\u0105cych i spe\u0142nia\u0107 \u015bwi\u0105teczne marzenia. W tym czasie wsp\u00f3lnie poprawili\u015bmy los ok. 5000 os\u00f3b, przekazali\u015bmy rodzinom ponad 1000 ton w\u0119gla i 10500 prezent\u00f3w dla dzieci.<\/p>\n\n\n\n<p>Nasi Darczy\u0144cy sami wybieraj\u0105 preferowan\u0105 przez siebie form\u0119 pomocy oraz rodzin\u0119, kt\u00f3r\u0105 pragn\u0105 obdarowa\u0107 w okresie Bo\u017cego Narodzenia. List\u0119 os\u00f3b, do kt\u00f3rych kierowana jest pomoc, przekazuj\u0105 wolontariusze, kt\u00f3rzy doskonale znaj\u0105 rodziny, ich sytuacj\u0119 materialn\u0105 i potrzeby.<\/p>\n\n\n\n<p><strong>Komu pomagamy<\/strong><\/p>\n\n\n\n<p>Nasza pomoc jest konkretna i adekwatna \u2013 s\u0142owem: POTRZEBNA, a ka\u017cdy prezent jest trafiony.<\/p>\n\n\n\n<p>Jakie marzenia spe\u0142niamy? Matka samotnie wychowuj\u0105ca dzieci marzy o tym, \u017ceby otrzyma\u0107 po\u015bciel, inna rodzina prosi o komplet r\u0119cznik\u00f3w, ko\u0142dr\u0119, pi\u017camki dla dzieci, \u015brodki higieniczne czy produkty spo\u017cywcze. Wiele potrzebuj\u0105cych rodzin marzy tylko o tym, aby zim\u0105 nie martwi\u0107 si\u0119 o to, czym ogrzej\u0105 sw\u00f3j dom. Czasem potrzeby s\u0105 naprawd\u0119 du\u017ce: to wydaje si\u0119 nieprawdopodobne, ale 27 kilometr\u00f3w od stolicy trafili\u015bmy do domu rodziny z sz\u00f3stk\u0105 dzieci, w kt\u00f3rym zamiast pod\u0142ogi by\u0142o klepisko. Ale dzieci z biednych rodzin nie maj\u0105 wcale innych marze\u0144 ni\u017c pozosta\u0142e: jedne marz\u0105 o pi\u017camce z bohaterem ulubionej bajki, inne o grach, klockach lego, samochodach czy interaktywnych pomocach naukowych. R\u00f3\u017cni je tylko to, \u017ce marzenia biedniejszych \u2013 bez naszej pomocy \u2013 nie b\u0119d\u0105 mia\u0142y szans na realizacj\u0119\u2026<\/p>\n\n\n\n<p>Ale nie tylko o prezenty tu chodzi! Jeste\u015bmy \u015bwiadkami tego, \u017ce bieda jest dziedziczna. Wiemy, \u017ce je\u015bli nie poka\u017cemy dzieciom, \u017ce marzenia mo\u017cna zrealizowa\u0107, a ich rodzicom nie pomo\u017cemy w potrzebie, to ich spos\u00f3b my\u015blenia si\u0119 nie zmieni. Mo\u017cemy wi\u0119c da\u0107 im co\u015b znacznie wa\u017cniejszego. Chcemy przywr\u00f3ci\u0107 godno\u015b\u0107 potrzebuj\u0105cym rodzinom \u2013 taka jest nasza misja.<\/p>\n\n\n\n<p><strong>Jak si\u0119 zaanga\u017cowa\u0107?<\/strong><\/p>\n\n\n\n<p>To proste! Wchodz\u0105c na stron\u0119 <a href=\"http:\/\/www.wirtualnachoinka.pl\">www.wirtualnachoinka.pl<\/a> i wybieraj\u0105c form\u0119 pomocy: spe\u0142nienie marze\u0144 dzieci (prezent pod choink\u0119) lub zakup w\u0119gla. Opisy w zak\u0142adkach na stronie podpowiedz\u0105, jakie s\u0105 pragnienia dzieci. Ale nie s\u0105 one wcale r\u00f3\u017cne od marze\u0144 innych maluch\u00f3w: to pi\u017camka z bohaterem ulubionej bajki, gra, klocki lego, samoch\u00f3d czy interaktywne pomoce naukowe. St\u0105d ju\u017c tylko krok do realizacji czyjego\u015b \u015bwi\u0105tecznego marzenia!<strong><br><\/strong><\/p>\n\n\n\n<p><strong>Zosta\u0144 Miko\u0142ajem<\/strong><\/p>\n\n\n\n<p>Po wyborze formy prezentu otrzymaj\u0105 Pa\u0144stwo mail z potwierdzeniem udzia\u0142u w akcji i z opisem prezentu, a tak\u017ce z dok\u0142adnym miejscem i terminem dostarczenia podarunku. Dla wszystkich Darczy\u0144c\u00f3w przygotowali\u015bmy tak\u017ce drobny interaktywny podarunek \u2013 b\u0119dzie on wyrazem wdzi\u0119czno\u015bci naszych podopiecznych.<strong><\/strong><\/p>\n\n\n\n<p><strong>Organizatorem akcji Wirtualna Choinka<\/strong> jest Komitet Spo\u0142eczny \u201eWirtualna Choinka\u201d przy wsp\u00f3\u0142pracy wolontariuszy ze Szkolnych K\u00f3\u0142 Caritas iRuchu \u015awiat\u0142o \u2013 \u017bycie. Potrzebne informacje znajd\u0105 Pa\u0144stwo na stronie <a href=\"http:\/\/www.wirtualnachoinka.pl\">www.wirtualnachoinka.pl<\/a>. Kontakt dla medi\u00f3w: Katarzyna Rudnicka \u2013 koordynator akcji \u201eWirtualnaChoinka.pl\u201d, &nbsp;tel.501 373 533, mail: organizatorzy@wirtualnachoinka.pl<\/p>\n\n\n\n<p class=\"has-text-align-right\">\u0179r\u00f3d\u0142o: <a href=\"https:\/\/www.wirtualnachoinka.pl\/\">wirtualnachoinka.pl<\/a><\/p>\n","protected":false},"excerpt":{"rendered":"<p>To akcja dobroczynna organizowana przez Ruch \u015awiat\u0142o-\u017bycie diecezjiwarszawsko-praskiej we wsp\u00f3\u0142pracy z Caritas. Setki os\u00f3b w potrzebie czekaj\u0105 naprezenty i na pomoc w ogrzaniu dom\u00f3w.Zach\u0119camy, by<a href=\"https:\/\/parafiadlugakoscielna.pl\/?p=5543\" class=\"more-link\">View More<\/a><\/p>\n","protected":false},"author":1,"featured_media":0,"comment_status":"closed","ping_status":"","sticky":false,"template":"","format":"standard","meta":{"ngg_post_thumbnail":0,"footnotes":""},"categories":[25],"tags":[],"class_list":["post-5543","post","type-post","status-publish","format-standard","hentry","category-25"],"_links":{"self":[{"href":"https:\/\/parafiadlugakoscielna.pl\/index.php?rest_route=\/wp\/v2\/posts\/5543","targetHints":{"allow":["GET"]}}],"collection":[{"href":"https:\/\/parafiadlugakoscielna.pl\/index.php?rest_route=\/wp\/v2\/posts"}],"about":[{"href":"https:\/\/parafiadlugakoscielna.pl\/index.php?rest_route=\/wp\/v2\/types\/post"}],"author":[{"embeddable":true,"href":"https:\/\/parafiadlugakoscielna.pl\/index.php?rest_route=\/wp\/v2\/users\/1"}],"replies":[{"embeddable":true,"href":"https:\/\/parafiadlugakoscielna.pl\/index.php?rest_route=%2Fwp%2Fv2%2Fcomments&post=5543"}],"version-history":[{"count":1,"href":"https:\/\/parafiadlugakoscielna.pl\/index.php?rest_route=\/wp\/v2\/posts\/5543\/revisions"}],"predecessor-version":[{"id":5544,"href":"https:\/\/parafiadlugakoscielna.pl\/index.php?rest_route=\/wp\/v2\/posts\/5543\/revisions\/5544"}],"wp:attachment":[{"href":"https:\/\/parafiadlugakoscielna.pl\/index.php?rest_route=%2Fwp%2Fv2%2Fmedia&parent=5543"}],"wp:term":[{"taxonomy":"category","embeddable":true,"href":"https:\/\/parafiadlugakoscielna.pl\/index.php?rest_route=%2Fwp%2Fv2%2Fcategories&post=5543"},{"taxonomy":"post_tag","embeddable":true,"href":"https:\/\/parafiadlugakoscielna.pl\/index.php?rest_route=%2Fwp%2Fv2%2Ftags&post=5543"}],"curies":[{"name":"wp","href":"https:\/\/api.w.org\/{rel}","templated":true}]}}