{"id":5615,"date":"2025-12-24T13:36:30","date_gmt":"2025-12-24T13:36:30","guid":{"rendered":"https:\/\/parafiadlugakoscielna.pl\/?p=5615"},"modified":"2026-01-10T13:38:18","modified_gmt":"2026-01-10T13:38:18","slug":"blogoslawionych-swiat-bozego-narodzenia","status":"publish","type":"post","link":"https:\/\/parafiadlugakoscielna.pl\/?p=5615","title":{"rendered":"B\u0142ogos\u0142awionych \u015awi\u0105t Bo\u017cego Narodzenia!"},"content":{"rendered":"\n<p><strong>Drodzy Parafianie, Bracia i Siostry w Chrystusie,<\/strong><\/p>\n\n\n\n<p>z okazji \u015awi\u0105t Bo\u017cego Narodzenia \u017cyczymy Wam, aby tajemnica Wcielenia Syna Bo\u017cego nape\u0142ni\u0142a Wasze serca prawdziw\u0105 rado\u015bci\u0105, pokojem i nadziej\u0105. Niech Jezus Chrystus, kt\u00f3ry przychodzi na \u015bwiat w ub\u00f3stwie Betlejemskiej Groty, obdarza Was swoj\u0105 mi\u0142o\u015bci\u0105, umacnia wiar\u0119 i prowadzi w codziennym \u017cyciu.<\/p>\n\n\n\n<p>Niech te \u015bwi\u0119te dni b\u0119d\u0105 czasem g\u0142\u0119bokiego spotkania z Bogiem, umocnienia wi\u0119zi rodzinnych oraz otwarto\u015bci na drugiego cz\u0142owieka. \u017byczymy zdrowia, b\u0142ogos\u0142awie\u0144stwa Bo\u017cego oraz obfitych \u0142ask na ka\u017cdy dzie\u0144 Nowego Roku.<\/p>\n\n\n\n<p>Niech Maryja i \u015bw. J\u00f3zef otaczaj\u0105 Was swoj\u0105 opiek\u0105, a \u015bwiat\u0142o Chrystusa roz\u015bwietla wszystkie drogi Waszego \u017cycia.<\/p>\n\n\n\n<p><strong>B\u0142ogos\u0142awionych \u015awi\u0105t Bo\u017cego Narodzenia!<\/strong><\/p>\n\n\n<div class=\"wp-block-image\">\n<figure class=\"aligncenter size-large is-resized\"><img fetchpriority=\"high\" decoding=\"async\" width=\"1024\" height=\"887\" src=\"https:\/\/parafiadlugakoscielna.pl\/wp-content\/uploads\/2025\/12\/Boze_Narodzenie_2025-1024x887.jpg\" alt=\"\" class=\"wp-image-5582\" style=\"width:429px;height:auto\" srcset=\"https:\/\/parafiadlugakoscielna.pl\/wp-content\/uploads\/2025\/12\/Boze_Narodzenie_2025-1024x887.jpg 1024w, https:\/\/parafiadlugakoscielna.pl\/wp-content\/uploads\/2025\/12\/Boze_Narodzenie_2025-300x260.jpg 300w, https:\/\/parafiadlugakoscielna.pl\/wp-content\/uploads\/2025\/12\/Boze_Narodzenie_2025-768x665.jpg 768w, https:\/\/parafiadlugakoscielna.pl\/wp-content\/uploads\/2025\/12\/Boze_Narodzenie_2025-1536x1331.jpg 1536w, https:\/\/parafiadlugakoscielna.pl\/wp-content\/uploads\/2025\/12\/Boze_Narodzenie_2025-2048x1774.jpg 2048w\" sizes=\"(max-width: 1024px) 100vw, 1024px\" \/><\/figure>\n<\/div>\n\n\n<p><\/p>\n","protected":false},"excerpt":{"rendered":"<p>Drodzy Parafianie, Bracia i Siostry w Chrystusie, z okazji \u015awi\u0105t Bo\u017cego Narodzenia \u017cyczymy Wam, aby tajemnica Wcielenia Syna Bo\u017cego nape\u0142ni\u0142a Wasze serca prawdziw\u0105 rado\u015bci\u0105, pokojem<a href=\"https:\/\/parafiadlugakoscielna.pl\/?p=5615\" class=\"more-link\">View More<\/a><\/p>\n","protected":false},"author":1,"featured_media":0,"comment_status":"closed","ping_status":"closed","sticky":false,"template":"","format":"standard","meta":{"ngg_post_thumbnail":0,"footnotes":""},"categories":[30],"tags":[],"class_list":["post-5615","post","type-post","status-publish","format-standard","hentry","category-30"],"_links":{"self":[{"href":"https:\/\/parafiadlugakoscielna.pl\/index.php?rest_route=\/wp\/v2\/posts\/5615","targetHints":{"allow":["GET"]}}],"collection":[{"href":"https:\/\/parafiadlugakoscielna.pl\/index.php?rest_route=\/wp\/v2\/posts"}],"about":[{"href":"https:\/\/parafiadlugakoscielna.pl\/index.php?rest_route=\/wp\/v2\/types\/post"}],"author":[{"embeddable":true,"href":"https:\/\/parafiadlugakoscielna.pl\/index.php?rest_route=\/wp\/v2\/users\/1"}],"replies":[{"embeddable":true,"href":"https:\/\/parafiadlugakoscielna.pl\/index.php?rest_route=%2Fwp%2Fv2%2Fcomments&post=5615"}],"version-history":[{"count":1,"href":"https:\/\/parafiadlugakoscielna.pl\/index.php?rest_route=\/wp\/v2\/posts\/5615\/revisions"}],"predecessor-version":[{"id":5616,"href":"https:\/\/parafiadlugakoscielna.pl\/index.php?rest_route=\/wp\/v2\/posts\/5615\/revisions\/5616"}],"wp:attachment":[{"href":"https:\/\/parafiadlugakoscielna.pl\/index.php?rest_route=%2Fwp%2Fv2%2Fmedia&parent=5615"}],"wp:term":[{"taxonomy":"category","embeddable":true,"href":"https:\/\/parafiadlugakoscielna.pl\/index.php?rest_route=%2Fwp%2Fv2%2Fcategories&post=5615"},{"taxonomy":"post_tag","embeddable":true,"href":"https:\/\/parafiadlugakoscielna.pl\/index.php?rest_route=%2Fwp%2Fv2%2Ftags&post=5615"}],"curies":[{"name":"wp","href":"https:\/\/api.w.org\/{rel}","templated":true}]}}