{"id":6019,"date":"2026-08-31T16:56:36","date_gmt":"2026-08-31T16:56:36","guid":{"rendered":"https:\/\/parafiadlugakoscielna.pl\/?p=6019"},"modified":"2026-08-31T16:56:36","modified_gmt":"2026-08-31T16:56:36","slug":"przedpremierowe-pokazy-filmu-mistyczka","status":"publish","type":"post","link":"https:\/\/parafiadlugakoscielna.pl\/?p=6019","title":{"rendered":"Przedpremierowe pokazy filmu \u201eMistyczka&#8221;"},"content":{"rendered":"\n<p class=\"wp-block-paragraph\">Fundacja Filmowa \u201ePowo\u0142any&#8221;, znana z film\u00f3w \u201ePowo\u0142any&#8221;, \u201ePowo\u0142any 2&#8243; oraz \u201eMaryja. Matka Papie\u017ca&#8221;, przedstawia swoj\u0105 najnowsz\u0105 produkcj\u0119 &#8211; pe\u0142nometra\u017cowy film fabularny inspirowany prawdziw\u0105 histori\u0105 Alicji Lenczewskiej, jednej z najbardziej znanych polskich mistyczek XXI wieku.<\/p>\n\n\n\n<p class=\"wp-block-paragraph\">Alicja by\u0142a nauczycielk\u0105 i podr\u00f3\u017cniczk\u0105. W wieku 51 lat prze\u017cy\u0142a g\u0142\u0119bokie spotkanie z Bogiem, kt\u00f3re ca\u0142kowicie odmieni\u0142o jej \u017cycie. \u201eMistyczka&#8221; to poruszaj\u0105ca opowie\u015b\u0107 o duchowym przebudzeniu, poszukiwaniu sensu oraz odwadze potrzebnej, aby odpowiedzie\u0107 na Bo\u017ce wezwanie. W rol\u0119 Alicji Lenczewskiej wcieli\u0142a si\u0119 Dorota Chotecka-Pazura, a obok niej zobaczymy m.in. S\u0142awomira Orzechowskiego.<\/p>\n\n\n\n<p class=\"wp-block-paragraph\"><img decoding=\"async\" alt=\"\ud83d\udccd\" src=\"https:\/\/fonts.gstatic.com\/s\/e\/notoemoji\/17.0\/1f4cd\/32.png\">&nbsp;Szczeg\u00f3lnie serdecznie zapraszamy mieszka\u0144c\u00f3w powiatu wo\u0142omi\u0144skiego na pokazy z udzia\u0142em tw\u00f3rc\u00f3w:<\/p>\n\n\n\n<p class=\"wp-block-paragraph\"><img decoding=\"async\" alt=\"\ud83c\udfa5\" src=\"https:\/\/fonts.gstatic.com\/s\/e\/notoemoji\/17.0\/1f3a5\/32.png\">&nbsp;KINO HELIOS \u2013 GALERIA WO\u0141OMIN<br><img decoding=\"async\" alt=\"\ud83d\udcc5\" src=\"https:\/\/fonts.gstatic.com\/s\/e\/notoemoji\/17.0\/1f4c5\/32.png\">&nbsp;Sobota, 5 wrze\u015bnia 2026 r.<br><img decoding=\"async\" alt=\"\ud83d\udd54\" src=\"https:\/\/fonts.gstatic.com\/s\/e\/notoemoji\/17.0\/1f554\/32.png\">&nbsp;Godz. 17.00 oraz 19.00<br><img decoding=\"async\" alt=\"\ud83d\udccc\" src=\"https:\/\/fonts.gstatic.com\/s\/e\/notoemoji\/17.0\/1f4cc\/32.png\">&nbsp;<a href=\"https:\/\/www.google.com\/maps\/search\/ul.+Geodet+w+2,+Wo%C5%82omin?entry=gmail&amp;source=g\">ul. Geodet<\/a>\u00f3<a href=\"https:\/\/www.google.com\/maps\/search\/ul.+Geodet+w+2,+Wo%C5%82omin?entry=gmail&amp;source=g\">w 2, Wo\u0142omin<\/a><\/p>\n\n\n\n<p class=\"wp-block-paragraph\">Po obu seansach odb\u0119d\u0105 si\u0119 spotkania z tw\u00f3rcami filmu:<\/p>\n\n\n\n<p class=\"wp-block-paragraph\">Janem Sobierajskim &#8211; re\u017cyserem i producentem,<br>Andrzejem Kocub\u0105 &#8211; wsp\u00f3\u0142tw\u00f3rc\u0105 i producentem.<\/p>\n\n\n\n<p class=\"wp-block-paragraph\"><img decoding=\"async\" alt=\"\ud83c\udf9f\ufe0f\" src=\"https:\/\/fonts.gstatic.com\/s\/e\/notoemoji\/17.0\/1f39f_fe0f\/32.png\">&nbsp;Bilety i szczeg\u00f3\u0142y:<br><a href=\"https:\/\/helios.pl\/wolomin\/kino-helios\/wydarzenie\/mistyczka-pokaz-specjalny-z-tworcami-2740\" rel=\"noreferrer noopener\" target=\"_blank\">https:\/\/helios.pl\/wolomin\/kino-helios\/wydarzenie\/mistyczka-pokaz-specjalny-z-tworcami-2740<\/a><\/p>\n\n\n\n<p class=\"wp-block-paragraph\">Film b\u0119dzie mo\u017cna zobaczy\u0107 przedpremierowo r\u00f3wnie\u017c w Kinie Kultura:<\/p>\n\n\n\n<p class=\"wp-block-paragraph\"><img decoding=\"async\" alt=\"\ud83c\udfa5\" src=\"https:\/\/fonts.gstatic.com\/s\/e\/notoemoji\/17.0\/1f3a5\/32.png\">&nbsp;KINO KULTURA W WO\u0141OMINIE<br><img decoding=\"async\" alt=\"\ud83d\udcc5\" src=\"https:\/\/fonts.gstatic.com\/s\/e\/notoemoji\/17.0\/1f4c5\/32.png\">&nbsp;\u015aroda, 9 wrze\u015bnia 2026 r.<br><img decoding=\"async\" alt=\"\ud83d\udd54\" src=\"https:\/\/fonts.gstatic.com\/s\/e\/notoemoji\/17.0\/1f554\/32.png\">&nbsp;Godz. 19.15<br><img decoding=\"async\" alt=\"\ud83d\udccc\" src=\"https:\/\/fonts.gstatic.com\/s\/e\/notoemoji\/17.0\/1f4cc\/32.png\">&nbsp;<a href=\"https:\/\/www.google.com\/maps\/search\/ul.+Mickiewicza+9,+Wo%C5%82omin?entry=gmail&amp;source=g\">ul. Mickiewicza 9, Wo\u0142omin<\/a><\/p>\n\n\n\n<p class=\"wp-block-paragraph\">Go\u015bciem spotkania b\u0119dzie Andrzej Kocuba &#8211; wsp\u00f3\u0142tw\u00f3rca i producent filmu.<\/p>\n\n\n\n<p class=\"has-text-align-right wp-block-paragraph\">\u0179r\u00f3d\u0142o: <a href=\"https:\/\/www.powolany.pl\/\">Fundacja Filmowa &#8222;Powo\u0142any&#8221;<\/a><\/p>\n\n\n\n<p class=\"wp-block-paragraph\"><\/p>\n","protected":false},"excerpt":{"rendered":"<p>Fundacja Filmowa \u201ePowo\u0142any&#8221;, znana z film\u00f3w \u201ePowo\u0142any&#8221;, \u201ePowo\u0142any 2&#8243; oraz \u201eMaryja. Matka Papie\u017ca&#8221;, przedstawia swoj\u0105 najnowsz\u0105 produkcj\u0119 &#8211; pe\u0142nometra\u017cowy film fabularny inspirowany prawdziw\u0105 histori\u0105 Alicji<a href=\"https:\/\/parafiadlugakoscielna.pl\/?p=6019\" class=\"more-link\">View More<\/a><\/p>\n","protected":false},"author":1,"featured_media":0,"comment_status":"closed","ping_status":"","sticky":false,"template":"","format":"standard","meta":{"ngg_post_thumbnail":0,"footnotes":""},"categories":[25],"tags":[],"class_list":["post-6019","post","type-post","status-publish","format-standard","hentry","category-25"],"_links":{"self":[{"href":"https:\/\/parafiadlugakoscielna.pl\/index.php?rest_route=\/wp\/v2\/posts\/6019","targetHints":{"allow":["GET"]}}],"collection":[{"href":"https:\/\/parafiadlugakoscielna.pl\/index.php?rest_route=\/wp\/v2\/posts"}],"about":[{"href":"https:\/\/parafiadlugakoscielna.pl\/index.php?rest_route=\/wp\/v2\/types\/post"}],"author":[{"embeddable":true,"href":"https:\/\/parafiadlugakoscielna.pl\/index.php?rest_route=\/wp\/v2\/users\/1"}],"replies":[{"embeddable":true,"href":"https:\/\/parafiadlugakoscielna.pl\/index.php?rest_route=%2Fwp%2Fv2%2Fcomments&post=6019"}],"version-history":[{"count":1,"href":"https:\/\/parafiadlugakoscielna.pl\/index.php?rest_route=\/wp\/v2\/posts\/6019\/revisions"}],"predecessor-version":[{"id":6020,"href":"https:\/\/parafiadlugakoscielna.pl\/index.php?rest_route=\/wp\/v2\/posts\/6019\/revisions\/6020"}],"wp:attachment":[{"href":"https:\/\/parafiadlugakoscielna.pl\/index.php?rest_route=%2Fwp%2Fv2%2Fmedia&parent=6019"}],"wp:term":[{"taxonomy":"category","embeddable":true,"href":"https:\/\/parafiadlugakoscielna.pl\/index.php?rest_route=%2Fwp%2Fv2%2Fcategories&post=6019"},{"taxonomy":"post_tag","embeddable":true,"href":"https:\/\/parafiadlugakoscielna.pl\/index.php?rest_route=%2Fwp%2Fv2%2Ftags&post=6019"}],"curies":[{"name":"wp","href":"https:\/\/api.w.org\/{rel}","templated":true}]}}