{"id":6026,"date":"2026-09-05T11:43:04","date_gmt":"2026-09-05T11:43:04","guid":{"rendered":"https:\/\/parafiadlugakoscielna.pl\/?p=6026"},"modified":"2026-09-05T11:53:38","modified_gmt":"2026-09-05T11:53:38","slug":"swieta-anna-laczy-pokolenia-piknik-parafialny","status":"publish","type":"post","link":"https:\/\/parafiadlugakoscielna.pl\/?p=6026","title":{"rendered":"\u015awi\u0119ta Anna \u0142\u0105czy pokolenia &#8211; piknik parafialny"},"content":{"rendered":"\n<p class=\"wp-block-paragraph\">To ju\u017c 13 wrze\u015bnia 2026 r. po mszy \u015bw. o godz. 12-tej, czyli oko\u0142o godz. 13-tej zapraszamy na Piknik Parafialny \u201e\u015awi\u0119ta Anna \u0142\u0105czy pokolenia\u201d.<\/p>\n\n\n\n<figure class=\"wp-block-video\"><video controls=\"\" style=\"max-width:400px;width:100%;height:auto;\" src=\"https:\/\/parafiadlugakoscielna.pl\/wp-content\/uploads\/2026\/09\/2026-09-13_piknik_rolka.mp4\"><\/video><\/figure>\n\n\n\n<p class=\"wp-block-paragraph\"><\/p>\n\n\n\n<p class=\"wp-block-paragraph\">W programie pikniku przewidujemy:<\/p>\n\n\n\n<ul class=\"wp-block-list\">\n<li>prezentacj\u0119 grup parafialnych,<\/li>\n\n\n\n<li>wyst\u0119p Zespo\u0142u Pie\u015bni i Ta\u0144ca Ziemi Siedleckiej \u201eChodowiacy\u201d im. Alicji Siwkiewicz &#8211; folklorystycznego zespo\u0142u z Siedlec, kt\u00f3ry kultywuje tradycje muzyczne i taneczne naszego regionu oraz ca\u0142ej Polski. Zesp\u00f3\u0142 dzia\u0142a na co dzie\u0144 przy Miejskim O\u015brodku Kultury w Siedlcach, a w repertuarze ma tradycyjne ta\u0144ce ludowe i polskie ta\u0144ce narodowe (np. polonez, mazur) oraz widowiska obrz\u0119dowe. Kierownikiem artystycznym zespo\u0142u jest pani Bo\u017cena W\u00f3jcik.<\/li>\n\n\n\n<li>nast\u0119pnie odb\u0119dzie si\u0119 spektakl pod tytu\u0142em. \u201eJanuszek idzie na dyskotek\u0119\u201d w wykonaniu grupy teatralnej \u201eBo bandzie\u201d z Miejskiego Domu Kultury w Sulej\u00f3wku, Re\u017cyserem jest pani Barbara Gutaj-Monowid, wokalistka, aktorka, re\u017cyserka teatralna, inicjatorka i wsp\u00f3\u0142tw\u00f3rczyni m. in. spektaklu &#8222;Czekaj\u0105c na Marsza\u0142ka&#8221; w Sulej\u00f3wku,<\/li>\n\n\n\n<li>w dalszej cz\u0119\u015bci pikniku wyst\u0105pi\u0105 zespo\u0142y z naszej parafii \u201eCor Cordis\u201d i schola \u201eOratorium Niepokalanej\u201d, kt\u00f3re znamy z oprawy muzycznej mszy \u015bwi\u0119tych i uroczysto\u015bci religijnych, a tak\u017ce z autorskich koncert\u00f3w. Dowodzi nimi trener wokalny pani Dorota Choszczyk, absolwentk\u0105 Akademii Muzycznej w Warszawie, a muzycznie wspiera jej m\u0105\u017c pan Marek Choszczyk,<br>W strefie relaksu czeka na pa\u0144stwa pocz\u0119stunek: ciasta naszych parafianek, kie\u0142baski z grilla oraz groch\u00f3wka od stra\u017cak\u00f3w z Ochotniczej Stra\u017cy Po\u017carnej w D\u0142ugiej Ko\u015bcielnej.<\/li>\n<\/ul>\n\n\n\n<p class=\"wp-block-paragraph\">W trakcie pikniku nie zabraknie r\u00f3wnie\u017c zabaw rodzinnych: przeci\u0105gania liny, zabaw z kolorow\u0105 z chust\u0105 Klanzy, malowania twarzy, i innych.<\/p>\n\n\n\n<p class=\"wp-block-paragraph\">Mamy tak\u017ce w planach kiermasz talent\u00f3w naszych parafian: stoiska z ich tw\u00f3rczo\u015bci\u0105.<\/p>\n\n\n\n<p class=\"wp-block-paragraph\">Celem pikniku jest integracja dzieci, m\u0142odzie\u017cy oraz doros\u0142ych z naszej parafii, wsp\u00f3lna zabawa, pocz\u0119stunek, rado\u015bnie sp\u0119dzony czas, a tak\u017ce zbi\u00f3rka pieni\u0119dzy na dzia\u0142alno\u015b\u0107 grup dzia\u0142aj\u0105cych przy naszej parafii. B\u0119dzie mo\u017cna zakupi\u0107 pami\u0105tkowe kubki, r\u00f3\u017ca\u0144ce, ikony i inne gad\u017cety.<\/p>\n\n\n\n<p class=\"wp-block-paragraph\">Zako\u0144czenie pikniku planowane jest oko\u0142o 17.30<\/p>\n\n\n\n<p class=\"wp-block-paragraph\">Na imprez\u0119 zaprasza Proboszcza Parafii \u015bw. Anny w D\u0142ugiej Ko\u015bcielnej ks. Jaros\u0142aw Sikorski.<\/p>\n\n\n\n<p class=\"wp-block-paragraph\">Imprez\u0119 swoim patronatem obj\u0119\u0142o Gminne Centrum Kultury w Halinowie<br>Organizacj\u0119 pikniku wspar\u0142a oraz przygotowa\u0142a groch\u00f3wk\u0119 Ochotnicza Stra\u017c Po\u017carna w D\u0142ugiej Ko\u015bcielnej<br>Nasz\u0105 imprez\u0119 poprowadzi pani Dorota Chwedorowicz, aktorka, scenograf, dekorator, plastyk, pedagog kreatywno\u015bci, mieszkanka naszej parafii.<\/p>\n\n\n\n<p class=\"wp-block-paragraph\">Serdecznie zapraszamy!<\/p>\n","protected":false},"excerpt":{"rendered":"<p>To ju\u017c 13 wrze\u015bnia 2026 r. po mszy \u015bw. o godz. 12-tej, czyli oko\u0142o godz. 13-tej zapraszamy na Piknik Parafialny \u201e\u015awi\u0119ta Anna \u0142\u0105czy pokolenia\u201d. W<a href=\"https:\/\/parafiadlugakoscielna.pl\/?p=6026\" class=\"more-link\">View More<\/a><\/p>\n","protected":false},"author":1,"featured_media":0,"comment_status":"closed","ping_status":"","sticky":false,"template":"","format":"standard","meta":{"ngg_post_thumbnail":0,"footnotes":""},"categories":[32],"tags":[],"class_list":["post-6026","post","type-post","status-publish","format-standard","hentry","category-32"],"_links":{"self":[{"href":"https:\/\/parafiadlugakoscielna.pl\/index.php?rest_route=\/wp\/v2\/posts\/6026","targetHints":{"allow":["GET"]}}],"collection":[{"href":"https:\/\/parafiadlugakoscielna.pl\/index.php?rest_route=\/wp\/v2\/posts"}],"about":[{"href":"https:\/\/parafiadlugakoscielna.pl\/index.php?rest_route=\/wp\/v2\/types\/post"}],"author":[{"embeddable":true,"href":"https:\/\/parafiadlugakoscielna.pl\/index.php?rest_route=\/wp\/v2\/users\/1"}],"replies":[{"embeddable":true,"href":"https:\/\/parafiadlugakoscielna.pl\/index.php?rest_route=%2Fwp%2Fv2%2Fcomments&post=6026"}],"version-history":[{"count":5,"href":"https:\/\/parafiadlugakoscielna.pl\/index.php?rest_route=\/wp\/v2\/posts\/6026\/revisions"}],"predecessor-version":[{"id":6035,"href":"https:\/\/parafiadlugakoscielna.pl\/index.php?rest_route=\/wp\/v2\/posts\/6026\/revisions\/6035"}],"wp:attachment":[{"href":"https:\/\/parafiadlugakoscielna.pl\/index.php?rest_route=%2Fwp%2Fv2%2Fmedia&parent=6026"}],"wp:term":[{"taxonomy":"category","embeddable":true,"href":"https:\/\/parafiadlugakoscielna.pl\/index.php?rest_route=%2Fwp%2Fv2%2Fcategories&post=6026"},{"taxonomy":"post_tag","embeddable":true,"href":"https:\/\/parafiadlugakoscielna.pl\/index.php?rest_route=%2Fwp%2Fv2%2Ftags&post=6026"}],"curies":[{"name":"wp","href":"https:\/\/api.w.org\/{rel}","templated":true}]}}